{"id":77397,"date":"2026-01-17T00:00:16","date_gmt":"2026-01-17T04:00:16","guid":{"rendered":"https:\/\/eldiarioantillano.com\/uno\/?p=77397"},"modified":"2026-01-16T21:53:35","modified_gmt":"2026-01-17T01:53:35","slug":"comerciantes-rechazan-la-ley-de-residuos-solidos","status":"publish","type":"post","link":"https:\/\/eldiarioantillano.com\/uno\/2026\/01\/17\/comerciantes-rechazan-la-ley-de-residuos-solidos\/","title":{"rendered":"Comerciantes rechazan la Ley de Residuos S\u00f3lidos"},"content":{"rendered":"<p>El Consejo Nacional de Comerciantes de Provisiones dice que esa iniciativa legislativa requiere cambios importantes, por lo que llam\u00f3 la atenci\u00f3n tambi\u00e9n del presidente Abinader.<\/p>\n","protected":false},"excerpt":{"rendered":"<p>El Consejo Nacional de Comerciantes de Provisiones dice que esa iniciativa legislativa requiere cambios importantes,&hellip;<\/p>\n","protected":false},"author":2,"featured_media":77395,"comment_status":"closed","ping_status":"closed","sticky":false,"template":"","format":"standard","meta":{"footnotes":""},"categories":[55],"tags":[],"class_list":["post-77397","post","type-post","status-publish","format-standard","has-post-thumbnail","hentry","category-nacionales"],"_links":{"self":[{"href":"https:\/\/eldiarioantillano.com\/uno\/wp-json\/wp\/v2\/posts\/77397","targetHints":{"allow":["GET"]}}],"collection":[{"href":"https:\/\/eldiarioantillano.com\/uno\/wp-json\/wp\/v2\/posts"}],"about":[{"href":"https:\/\/eldiarioantillano.com\/uno\/wp-json\/wp\/v2\/types\/post"}],"author":[{"embeddable":true,"href":"https:\/\/eldiarioantillano.com\/uno\/wp-json\/wp\/v2\/users\/2"}],"replies":[{"embeddable":true,"href":"https:\/\/eldiarioantillano.com\/uno\/wp-json\/wp\/v2\/comments?post=77397"}],"version-history":[{"count":1,"href":"https:\/\/eldiarioantillano.com\/uno\/wp-json\/wp\/v2\/posts\/77397\/revisions"}],"predecessor-version":[{"id":77398,"href":"https:\/\/eldiarioantillano.com\/uno\/wp-json\/wp\/v2\/posts\/77397\/revisions\/77398"}],"wp:featuredmedia":[{"embeddable":true,"href":"https:\/\/eldiarioantillano.com\/uno\/wp-json\/wp\/v2\/media\/77395"}],"wp:attachment":[{"href":"https:\/\/eldiarioantillano.com\/uno\/wp-json\/wp\/v2\/media?parent=77397"}],"wp:term":[{"taxonomy":"category","embeddable":true,"href":"https:\/\/eldiarioantillano.com\/uno\/wp-json\/wp\/v2\/categories?post=77397"},{"taxonomy":"post_tag","embeddable":true,"href":"https:\/\/eldiarioantillano.com\/uno\/wp-json\/wp\/v2\/tags?post=77397"}],"curies":[{"name":"wp","href":"https:\/\/api.w.org\/{rel}","templated":true}]}}