{"id":77346,"date":"2026-01-14T00:00:34","date_gmt":"2026-01-14T04:00:34","guid":{"rendered":"https:\/\/eldiarioantillano.com\/uno\/?p=77346"},"modified":"2026-01-13T23:24:36","modified_gmt":"2026-01-14T03:24:36","slug":"catalejo-sociopatia-y-politica","status":"publish","type":"post","link":"https:\/\/eldiarioantillano.com\/uno\/2026\/01\/14\/catalejo-sociopatia-y-politica\/","title":{"rendered":"CATALEJO: Sociopat\u00eda y pol\u00edtica"},"content":{"rendered":"<header class=\"entry-header-outer\">\n<div class=\"entry-header\">\n<div id=\"single-post-meta\" class=\"post-meta clearfix\">Por ANULFO MATEO P\u00c9REZ<\/div>\n<\/div>\n<\/header>\n<div class=\"entry-content entry clearfix\">\n<p>Lo que est\u00e1 sucediendo respecto al secuestro del presidente Nicol\u00e1s Maduro y Cilia Flores, unos 100 muertos identificados en ataques criminales de EE.UU. a Venezuela, con un saldo de 42 militares venezolanos, 3 civiles y 32 cubanos asesinados, me obliga a retomar el tema de la sociopat\u00eda y la pol\u00edtica.<\/p>\n<p>Los factores neurobiol\u00f3gicos est\u00e1n asociados al trastorno de personalidad antisocial, centr\u00e1ndose en la identificaci\u00f3n de las estructuras neuroanat\u00f3micas implicadas, as\u00ed como en el funcionamiento neurofisiol\u00f3gico.<\/p>\n<p>La sociopat\u00eda se expresa en gente \u201csubyugadora\u201d; va desde el sujeto com\u00fan hasta el de alto nivel intelectual; busca constituirse en l\u00edder para tener poder y control; no respeta los derechos de los dem\u00e1s.<\/p>\n<p>Para \u00e9l, los otros son \u201ccosas\u201d; el soci\u00f3pata, como es el caso del Trompa, siempre trabaja para s\u00ed mismo, aunque diga todo lo contrario; entiende que los dem\u00e1s son meros instrumentos; carece de sensibilidad de la empat\u00eda.<\/p>\n<p>Por esa raz\u00f3n el \u201cpersonaje amarillo\u201d, que ocupa la oficina oval de la Casa Blanca, jam\u00e1s lograr\u00e1 ponerse en el lugar del otro, y cuando se constituye en l\u00edder pol\u00edtico, reafirma estas caracter\u00edsticas.<\/p>\n<p>Es muy dif\u00edcil entrar en su cabeza, porque tiene una l\u00f3gica irracional. La bandera que utiliza siempre es suprapersonal, como los l\u00edderes religiosos psic\u00f3patas, que apelan siempre a la salvaci\u00f3n del m\u00e1s all\u00e1.<\/p>\n<p>El soci\u00f3pata ofrece el hombre nuevo, el proyecto nacional, la liberaci\u00f3n, la raza superior, la Naci\u00f3n, la patria; necesita buscar un enemigo para aglutinar; no se adapta a la tranquilidad, la paz, al sosiego.<\/p>\n<p>Su estructura mental no cambia. Necesita la crisis; ser reconocido como salvador; en la paz, \u00e9l no tiene papel; por eso las sociedades lideradas por pol\u00edticos de este tipo viven de crisis en crisis.<\/p>\n<\/div>\n","protected":false},"excerpt":{"rendered":"<p>Por ANULFO MATEO P\u00c9REZ Lo que est\u00e1 sucediendo respecto al secuestro del presidente Nicol\u00e1s Maduro&hellip;<\/p>\n","protected":false},"author":2,"featured_media":64779,"comment_status":"closed","ping_status":"closed","sticky":false,"template":"","format":"standard","meta":{"footnotes":""},"categories":[54,51],"tags":[],"class_list":["post-77346","post","type-post","status-publish","format-standard","has-post-thumbnail","hentry","category-anulfo-mateo","category-opinion"],"_links":{"self":[{"href":"https:\/\/eldiarioantillano.com\/uno\/wp-json\/wp\/v2\/posts\/77346","targetHints":{"allow":["GET"]}}],"collection":[{"href":"https:\/\/eldiarioantillano.com\/uno\/wp-json\/wp\/v2\/posts"}],"about":[{"href":"https:\/\/eldiarioantillano.com\/uno\/wp-json\/wp\/v2\/types\/post"}],"author":[{"embeddable":true,"href":"https:\/\/eldiarioantillano.com\/uno\/wp-json\/wp\/v2\/users\/2"}],"replies":[{"embeddable":true,"href":"https:\/\/eldiarioantillano.com\/uno\/wp-json\/wp\/v2\/comments?post=77346"}],"version-history":[{"count":1,"href":"https:\/\/eldiarioantillano.com\/uno\/wp-json\/wp\/v2\/posts\/77346\/revisions"}],"predecessor-version":[{"id":77347,"href":"https:\/\/eldiarioantillano.com\/uno\/wp-json\/wp\/v2\/posts\/77346\/revisions\/77347"}],"wp:featuredmedia":[{"embeddable":true,"href":"https:\/\/eldiarioantillano.com\/uno\/wp-json\/wp\/v2\/media\/64779"}],"wp:attachment":[{"href":"https:\/\/eldiarioantillano.com\/uno\/wp-json\/wp\/v2\/media?parent=77346"}],"wp:term":[{"taxonomy":"category","embeddable":true,"href":"https:\/\/eldiarioantillano.com\/uno\/wp-json\/wp\/v2\/categories?post=77346"},{"taxonomy":"post_tag","embeddable":true,"href":"https:\/\/eldiarioantillano.com\/uno\/wp-json\/wp\/v2\/tags?post=77346"}],"curies":[{"name":"wp","href":"https:\/\/api.w.org\/{rel}","templated":true}]}}