{"id":77194,"date":"2026-01-05T23:06:50","date_gmt":"2026-01-06T03:06:50","guid":{"rendered":"https:\/\/eldiarioantillano.com\/uno\/?p=77194"},"modified":"2026-01-05T23:10:03","modified_gmt":"2026-01-06T03:10:03","slug":"paises-fijan-posicion-frente-a-situacion-venezolano","status":"publish","type":"post","link":"https:\/\/eldiarioantillano.com\/uno\/2026\/01\/05\/paises-fijan-posicion-frente-a-situacion-venezolano\/","title":{"rendered":"Pa\u00edses fijan posici\u00f3n frente a situaci\u00f3n venezolana"},"content":{"rendered":"<p>Las canciller\u00edas de Brasil, Chile, Colombia, M\u00e9xico, Uruguay y Espa\u00f1a han emitido el siguiente comunicado este pasado fin de semana frente a la situaci\u00f3n actual venezolana:<\/p>\n<p>&nbsp;<\/p>\n<p>Los Gobiernos de Brasil, Chile, Colombia, M\u00e9xico, Uruguay y Espa\u00f1a, ante la gravedad de los hechos ocurridos en Venezuela y reafirmando su apego a los principios consagrados en la Carta de las Naciones Unidas, expresan de manera conjunta las siguientes posiciones:<\/p>\n<ol>\n<li>Expresamos nuestra profunda preocupaci\u00f3n y rechazo frente a las acciones militares ejecutadas unilateralmente en territorio de Venezuela, las cuales contravienen principios fundamentales del derecho internacional, en particular la prohibici\u00f3n del uso y la amenaza de la fuerza, el respeto a la soberan\u00eda y a la integridad territorial de los Estados, consagrados en la Carta de las Naciones Unidas. Estas acciones constituyen un precedente sumamente peligroso para La Paz, la seguridad regional y ponen en riesgo a la poblaci\u00f3n civil.<\/li>\n<li>Reiteramos que la situaci\u00f3n en Venezuela debe resolverse exclusivamente por v\u00edas pac\u00edficas, mediante el di\u00e1logo, la negociaci\u00f3n y el respeto a la voluntad del pueblo venezolano en todas sus expresiones, sin injerencias externas y en apego al derecho internacional. Reafirmamos que solo un proceso pol\u00edtico inclusivo, liderado por las y los venezolanos, puede conducir a una soluci\u00f3n democr\u00e1tica, sostenible y respetuosa de la dignidad humana.<\/li>\n<li>Reafirmamos el car\u00e1cter de Am\u00e9rica Latina y el Caribe como zona de paz, construida sobre el respeto mutuo, la soluci\u00f3n pac\u00edfica de las controversias y la no intervenci\u00f3n, y hacemos un llamado a la unidad regional, m\u00e1s all\u00e1 de las diferencias pol\u00edticas, frente a cualquier acci\u00f3n que ponga en riesgo la estabilidad regional. Asimismo, exhortamos al Secretario General de las Naciones Unidas y a los Estados Miembros de los mecanismos multilaterales pertinentes a hacer uso de sus buenos oficios para contribuir a la desescalada de las tensiones y a la preservaci\u00f3n de la paz regional.<\/li>\n<li>Manifestamos nuestra preocupaci\u00f3n ante cualquier intento de control gubernamental, de administraci\u00f3n o apropiaci\u00f3n externa de recursos naturales o estrat\u00e9gicos, lo que resulta incompatible con el derecho internacional y amenaza la estabilidad pol\u00edtica, econ\u00f3mica y social de la regi\u00f3n.<\/li>\n<\/ol>\n","protected":false},"excerpt":{"rendered":"<p>Las canciller\u00edas de Brasil, Chile, Colombia, M\u00e9xico, Uruguay y Espa\u00f1a han emitido el siguiente comunicado&hellip;<\/p>\n","protected":false},"author":2,"featured_media":77195,"comment_status":"closed","ping_status":"closed","sticky":false,"template":"","format":"standard","meta":{"footnotes":""},"categories":[52],"tags":[],"class_list":["post-77194","post","type-post","status-publish","format-standard","has-post-thumbnail","hentry","category-internacionales"],"_links":{"self":[{"href":"https:\/\/eldiarioantillano.com\/uno\/wp-json\/wp\/v2\/posts\/77194","targetHints":{"allow":["GET"]}}],"collection":[{"href":"https:\/\/eldiarioantillano.com\/uno\/wp-json\/wp\/v2\/posts"}],"about":[{"href":"https:\/\/eldiarioantillano.com\/uno\/wp-json\/wp\/v2\/types\/post"}],"author":[{"embeddable":true,"href":"https:\/\/eldiarioantillano.com\/uno\/wp-json\/wp\/v2\/users\/2"}],"replies":[{"embeddable":true,"href":"https:\/\/eldiarioantillano.com\/uno\/wp-json\/wp\/v2\/comments?post=77194"}],"version-history":[{"count":2,"href":"https:\/\/eldiarioantillano.com\/uno\/wp-json\/wp\/v2\/posts\/77194\/revisions"}],"predecessor-version":[{"id":77197,"href":"https:\/\/eldiarioantillano.com\/uno\/wp-json\/wp\/v2\/posts\/77194\/revisions\/77197"}],"wp:featuredmedia":[{"embeddable":true,"href":"https:\/\/eldiarioantillano.com\/uno\/wp-json\/wp\/v2\/media\/77195"}],"wp:attachment":[{"href":"https:\/\/eldiarioantillano.com\/uno\/wp-json\/wp\/v2\/media?parent=77194"}],"wp:term":[{"taxonomy":"category","embeddable":true,"href":"https:\/\/eldiarioantillano.com\/uno\/wp-json\/wp\/v2\/categories?post=77194"},{"taxonomy":"post_tag","embeddable":true,"href":"https:\/\/eldiarioantillano.com\/uno\/wp-json\/wp\/v2\/tags?post=77194"}],"curies":[{"name":"wp","href":"https:\/\/api.w.org\/{rel}","templated":true}]}}