{"id":77188,"date":"2026-01-05T22:57:36","date_gmt":"2026-01-06T02:57:36","guid":{"rendered":"https:\/\/eldiarioantillano.com\/uno\/?p=77188"},"modified":"2026-01-05T22:57:36","modified_gmt":"2026-01-06T02:57:36","slug":"reyes-magos-pasean-a-caballo-por-la-calle-el-conde-en-zona-colonial","status":"publish","type":"post","link":"https:\/\/eldiarioantillano.com\/uno\/2026\/01\/05\/reyes-magos-pasean-a-caballo-por-la-calle-el-conde-en-zona-colonial\/","title":{"rendered":"Reyes Magos pasean a caballo por la calle El Conde en Zona Colonial"},"content":{"rendered":"<div id=\":cx\" class=\"ii gt\">\n<div id=\":by\" class=\"a3s aiL\">\n<div id=\"avWBGd-497\">\n<div dir=\"auto\">Decenas de ni\u00f1os y padres acompa\u00f1aron este lunes 5 de enero al desfile de los Reyes Magos que realiza todos los a\u00f1os el Cuerpo de Bomberos de la ciudad de Santo Domingo.<\/div>\n<div class=\"yj6qo\"><\/div>\n<div class=\"adL\"><\/div>\n<\/div>\n<\/div>\n<\/div>\n<div id=\":b1\" class=\"hq gt\"><\/div>\n","protected":false},"excerpt":{"rendered":"<p>Decenas de ni\u00f1os y padres acompa\u00f1aron este lunes 5 de enero al desfile de los&hellip;<\/p>\n","protected":false},"author":2,"featured_media":77191,"comment_status":"closed","ping_status":"closed","sticky":false,"template":"","format":"standard","meta":{"footnotes":""},"categories":[55],"tags":[],"class_list":["post-77188","post","type-post","status-publish","format-standard","has-post-thumbnail","hentry","category-nacionales"],"_links":{"self":[{"href":"https:\/\/eldiarioantillano.com\/uno\/wp-json\/wp\/v2\/posts\/77188","targetHints":{"allow":["GET"]}}],"collection":[{"href":"https:\/\/eldiarioantillano.com\/uno\/wp-json\/wp\/v2\/posts"}],"about":[{"href":"https:\/\/eldiarioantillano.com\/uno\/wp-json\/wp\/v2\/types\/post"}],"author":[{"embeddable":true,"href":"https:\/\/eldiarioantillano.com\/uno\/wp-json\/wp\/v2\/users\/2"}],"replies":[{"embeddable":true,"href":"https:\/\/eldiarioantillano.com\/uno\/wp-json\/wp\/v2\/comments?post=77188"}],"version-history":[{"count":1,"href":"https:\/\/eldiarioantillano.com\/uno\/wp-json\/wp\/v2\/posts\/77188\/revisions"}],"predecessor-version":[{"id":77193,"href":"https:\/\/eldiarioantillano.com\/uno\/wp-json\/wp\/v2\/posts\/77188\/revisions\/77193"}],"wp:featuredmedia":[{"embeddable":true,"href":"https:\/\/eldiarioantillano.com\/uno\/wp-json\/wp\/v2\/media\/77191"}],"wp:attachment":[{"href":"https:\/\/eldiarioantillano.com\/uno\/wp-json\/wp\/v2\/media?parent=77188"}],"wp:term":[{"taxonomy":"category","embeddable":true,"href":"https:\/\/eldiarioantillano.com\/uno\/wp-json\/wp\/v2\/categories?post=77188"},{"taxonomy":"post_tag","embeddable":true,"href":"https:\/\/eldiarioantillano.com\/uno\/wp-json\/wp\/v2\/tags?post=77188"}],"curies":[{"name":"wp","href":"https:\/\/api.w.org\/{rel}","templated":true}]}}