{"id":77053,"date":"2025-12-29T02:40:14","date_gmt":"2025-12-29T06:40:14","guid":{"rendered":"https:\/\/eldiarioantillano.com\/uno\/?p=77053"},"modified":"2025-12-29T02:44:08","modified_gmt":"2025-12-29T06:44:08","slug":"unificacion-fr-mc-2026","status":"publish","type":"post","link":"https:\/\/eldiarioantillano.com\/uno\/2025\/12\/29\/unificacion-fr-mc-2026\/","title":{"rendered":"\u00a1Unificaci\u00f3n FR-MC 2026!"},"content":{"rendered":"<header class=\"entry-header-outer\">\n<div class=\"entry-header\">\n<div id=\"single-post-meta\" class=\"post-meta clearfix\">Por NARCISO ISA CONDE<\/div>\n<\/div>\n<\/header>\n<div class=\"entry-content entry clearfix\">\n<p>En la ruta por la reunificaci\u00f3n de Fuerza de la Revoluci\u00f3n (FR) y el Movimiento Cama\u00f1ista (MC) se realiz\u00f3 el pasado s\u00e1bado la cena-fiesta de Navidad y fin de a\u00f1o de la confraternidad comunista, dedicada a los 50 a\u00f1os con Orlando Mart\u00ednez y los 100 con Fidel.<\/p>\n<p>Concluye el a\u00f1o conmemorativo de Orlando y sigue vigente el de Fidel, iniciado en agosto pasado hasta fines del 2026.<\/p>\n<p>En esa fiesta del s\u00e1bado 22 de diciembre, se combin\u00f3 la voluntad de lucha con el amor por la alegr\u00eda. Cont\u00f3 con una impactante asistencia: la explanada de la Facultad de Ciencias Econ\u00f3micas y Sociales de la UASD repleta de representantes de una gran diversidad de las izquierdas pol\u00edtico-sociales y profesionales de todas las edades. Una iluminaci\u00f3n hermosa. Dos conjuntos musicales de mucha calidad: \u201cWilson, conjunto t\u00edpico\u201d y la agrupaci\u00f3n \u201cSon Dominicano\u201d; con buenos merengues, bachatas, sones, salsas y boleros.<\/p>\n<p>En ese clima de alegr\u00eda y reafirmaci\u00f3n revolucionaria, se inform\u00f3 del avance alcanzado en el 2025 en la ruta hacia nuestra promisoria reunificaci\u00f3n; reafirmando adem\u00e1s la unidad de acci\u00f3n de las izquierdas para continuar la trascendente lucha por el agua, la vida y la soberan\u00eda.<\/p>\n<p>Precedido de un fuerte abrazo, V\u00edctor Ger\u00f3nimo-FR y yo destacamos la alegr\u00eda de afirmar ante todos\/as los\/as presentes que estamos reunific\u00e1ndonos y renov\u00e1ndonos, previo reconocimiento de que a nuestras dos organizaciones no les fue bien despu\u00e9s de separarnos y de que m\u00e1s all\u00e1 de las razones y sinrazones de aquella divisi\u00f3n, tenemos mucho en com\u00fan: historia, hero\u00edsmos, cultura pol\u00edtica PCD-FR-MC\u2026 aciertos y errores compartidos\u2026<\/p>\n<p>Y, sobre todo, grandes compromisos y desaf\u00edos, como:<\/p>\n<ul>\n<li>La necesidad de intensificar la lucha por el rescate de la soberan\u00eda y la autodeterminaci\u00f3n, principal derecho colectivo, gravemente pisoteado con la invasi\u00f3n yanqui de nuestro espacio a\u00e9reo y costas, de la Base Militar de Isidro, del aeropuerto Las Am\u00e9ricas, del Puerto de Manzanillo y la frontera\u2026<\/li>\n<li>La necesidad de potenciar el combate contra las brutales desigualdades sociales\u2026<\/li>\n<li>Creaci\u00f3n de conciencia colectiva en favor del reemplazo de este Estado neoliberal-delincuente, carcomido al extremo con la privatizaci\u00f3n-corrupci\u00f3n de Senasa.<\/li>\n<li>Ejercicio en grande del internacionalismo revolucionario ante el despliegue militar gringo en el Caribe; amenazando agredir a Venezuela, Cuba, Nicaragua, M\u00e9xico, Colombia\u2026; enfrentando la pirater\u00eda naval estadounidense y su p\u00e9rfido plan de asalto al continente.<\/li>\n<li>Unidad m\u00e1s all\u00e1 de este esfuerzo reunificador: unidad de las izquierdas, alianza antifascista y amplia coalici\u00f3n transformadora pol\u00edtico-social.<\/li>\n<li>Incorporaci\u00f3n de m\u00e1s juventudes, mujeres y clase trabajadora al combate transformador. Compromisos a ser reafirmados en el pasad\u00eda campestre del 4 de enero, alusivos a las luchas pendientes en el 2026.<\/li>\n<\/ul>\n<\/div>\n","protected":false},"excerpt":{"rendered":"<p>Por NARCISO ISA CONDE En la ruta por la reunificaci\u00f3n de Fuerza de la Revoluci\u00f3n&hellip;<\/p>\n","protected":false},"author":2,"featured_media":64149,"comment_status":"closed","ping_status":"closed","sticky":false,"template":"","format":"standard","meta":{"footnotes":""},"categories":[55,77,51],"tags":[],"class_list":["post-77053","post","type-post","status-publish","format-standard","has-post-thumbnail","hentry","category-nacionales","category-narciso-isa-conde","category-opinion"],"_links":{"self":[{"href":"https:\/\/eldiarioantillano.com\/uno\/wp-json\/wp\/v2\/posts\/77053","targetHints":{"allow":["GET"]}}],"collection":[{"href":"https:\/\/eldiarioantillano.com\/uno\/wp-json\/wp\/v2\/posts"}],"about":[{"href":"https:\/\/eldiarioantillano.com\/uno\/wp-json\/wp\/v2\/types\/post"}],"author":[{"embeddable":true,"href":"https:\/\/eldiarioantillano.com\/uno\/wp-json\/wp\/v2\/users\/2"}],"replies":[{"embeddable":true,"href":"https:\/\/eldiarioantillano.com\/uno\/wp-json\/wp\/v2\/comments?post=77053"}],"version-history":[{"count":1,"href":"https:\/\/eldiarioantillano.com\/uno\/wp-json\/wp\/v2\/posts\/77053\/revisions"}],"predecessor-version":[{"id":77054,"href":"https:\/\/eldiarioantillano.com\/uno\/wp-json\/wp\/v2\/posts\/77053\/revisions\/77054"}],"wp:featuredmedia":[{"embeddable":true,"href":"https:\/\/eldiarioantillano.com\/uno\/wp-json\/wp\/v2\/media\/64149"}],"wp:attachment":[{"href":"https:\/\/eldiarioantillano.com\/uno\/wp-json\/wp\/v2\/media?parent=77053"}],"wp:term":[{"taxonomy":"category","embeddable":true,"href":"https:\/\/eldiarioantillano.com\/uno\/wp-json\/wp\/v2\/categories?post=77053"},{"taxonomy":"post_tag","embeddable":true,"href":"https:\/\/eldiarioantillano.com\/uno\/wp-json\/wp\/v2\/tags?post=77053"}],"curies":[{"name":"wp","href":"https:\/\/api.w.org\/{rel}","templated":true}]}}