{"id":77051,"date":"2025-12-29T02:36:04","date_gmt":"2025-12-29T06:36:04","guid":{"rendered":"https:\/\/eldiarioantillano.com\/uno\/?p=77051"},"modified":"2025-12-29T02:36:04","modified_gmt":"2025-12-29T06:36:04","slug":"sacudon-en-servicio-exterior-de-eeuu-trump-destituye-a-embajadores","status":"publish","type":"post","link":"https:\/\/eldiarioantillano.com\/uno\/2025\/12\/29\/sacudon-en-servicio-exterior-de-eeuu-trump-destituye-a-embajadores\/","title":{"rendered":"Sacud\u00f3n en Servicio Exterior de EEUU, Trump destituye a embajadores"},"content":{"rendered":"<div class=\"elementor-element elementor-element-5a38e61 e-flex e-con-boxed e-con e-child\" data-id=\"5a38e61\" data-element_type=\"container\">\n<div class=\"e-con-inner\">\n<div class=\"elementor-element elementor-element-d2a4feb elementor-widget elementor-widget-theme-post-excerpt\" data-id=\"d2a4feb\" data-element_type=\"widget\" data-widget_type=\"theme-post-excerpt.default\">\n<div class=\"elementor-widget-container\">Washington, dic (Prensa Latina) El Servicio Exterior de Estados Unidos experimenta un sacud\u00f3n, el presidente Donald Trump orden\u00f3 a unos 30 embajadores regresar a casa en una destituci\u00f3n masiva sin precedentes que hoy genera dudas ante posibles vac\u00edos diplom\u00e1ticos.<\/div>\n<\/div>\n<\/div>\n<\/div>\n<div class=\"elementor-element elementor-element-0aea3a0 elementor-widget elementor-widget-theme-post-content\" data-id=\"0aea3a0\" data-element_type=\"widget\" data-widget_type=\"theme-post-content.default\">\n<div class=\"elementor-widget-container\">\n<p>El mandatario republicano transformar\u00e1 el aparato diplom\u00e1tico estadounidense en un brazo del gobierno con un car\u00e1cter m\u00e1s abiertamente pol\u00edtico y seg\u00fan el diario The New York Times, los diplom\u00e1ticos que ser\u00e1n cesados son de carrera, que suelen servir bajo presidentes de ambos partidos.<\/p>\n<p>Casi siempre los periodos de los embajadores concluyen sin la intervenci\u00f3n de un nuevo ocupante del Despacho Oval, lo cual diferencia a los que son nombrados por motivos pol\u00edticos, que en la mayor\u00eda de los casos renuncian a sus responsabilidades con el cambio de gobierno.<\/p>\n<p>Nikki Gamer, portavoz de la Asociaci\u00f3n del Servicio Exterior Estadounidense, el sindicato que representa a los diplom\u00e1ticos de carrera, dijo al Times que pod\u00edan \u00abafirmar categ\u00f3ricamente que una destituci\u00f3n masiva de este tipo nunca ha ocurrido desde la fundaci\u00f3n del Servicio Exterior tal como lo conocemos\u00bb.<\/p>\n<p>\u201cLos afectados informan haber sido notificados abruptamente, generalmente por tel\u00e9fono, sin que se les proporcionara ninguna explicaci\u00f3n\u201d, subray\u00f3 Gamer.<\/p>\n<p>El sindicato enfatiz\u00f3 en un comunicado que \u00abestas destituciones abruptas, opacas e inexplicables socavan la eficacia diplom\u00e1tica y la credibilidad de Estados Unidos en el extranjero\u00bb.<\/p>\n<p>Indic\u00f3 el reporte del influyente rotativo que esta destituci\u00f3n masiva por parte de Trump representa otro ejemplo de c\u00f3mo est\u00e1 desmantelando el valioso conocimiento institucional asociado con lo que \u00e9l y sus seguidores llaman despectivamente \u00abel Estado profundo\u00bb en Washington.<\/p>\n<p>El efecto es -a\u00f1adi\u00f3- la p\u00e9rdida de expertos civiles cualificados e imparciales cuya experiencia es incre\u00edblemente valiosa para lograr los objetivos de la pol\u00edtica exterior estadounidense.<\/p>\n<p>\u201cLa falta de transparencia y de un proceso adecuado rompe dr\u00e1sticamente con las normas establecidas desde hace mucho tiempo\u201d, agreg\u00f3.<\/p>\n<p>lam\/dfm<\/p>\n<\/div>\n<\/div>\n","protected":false},"excerpt":{"rendered":"<p>Washington, dic (Prensa Latina) El Servicio Exterior de Estados Unidos experimenta un sacud\u00f3n, el presidente&hellip;<\/p>\n","protected":false},"author":2,"featured_media":68540,"comment_status":"closed","ping_status":"closed","sticky":false,"template":"","format":"standard","meta":{"footnotes":""},"categories":[52,53],"tags":[],"class_list":["post-77051","post","type-post","status-publish","format-standard","has-post-thumbnail","hentry","category-internacionales","category-prensa-latina"],"_links":{"self":[{"href":"https:\/\/eldiarioantillano.com\/uno\/wp-json\/wp\/v2\/posts\/77051","targetHints":{"allow":["GET"]}}],"collection":[{"href":"https:\/\/eldiarioantillano.com\/uno\/wp-json\/wp\/v2\/posts"}],"about":[{"href":"https:\/\/eldiarioantillano.com\/uno\/wp-json\/wp\/v2\/types\/post"}],"author":[{"embeddable":true,"href":"https:\/\/eldiarioantillano.com\/uno\/wp-json\/wp\/v2\/users\/2"}],"replies":[{"embeddable":true,"href":"https:\/\/eldiarioantillano.com\/uno\/wp-json\/wp\/v2\/comments?post=77051"}],"version-history":[{"count":1,"href":"https:\/\/eldiarioantillano.com\/uno\/wp-json\/wp\/v2\/posts\/77051\/revisions"}],"predecessor-version":[{"id":77052,"href":"https:\/\/eldiarioantillano.com\/uno\/wp-json\/wp\/v2\/posts\/77051\/revisions\/77052"}],"wp:featuredmedia":[{"embeddable":true,"href":"https:\/\/eldiarioantillano.com\/uno\/wp-json\/wp\/v2\/media\/68540"}],"wp:attachment":[{"href":"https:\/\/eldiarioantillano.com\/uno\/wp-json\/wp\/v2\/media?parent=77051"}],"wp:term":[{"taxonomy":"category","embeddable":true,"href":"https:\/\/eldiarioantillano.com\/uno\/wp-json\/wp\/v2\/categories?post=77051"},{"taxonomy":"post_tag","embeddable":true,"href":"https:\/\/eldiarioantillano.com\/uno\/wp-json\/wp\/v2\/tags?post=77051"}],"curies":[{"name":"wp","href":"https:\/\/api.w.org\/{rel}","templated":true}]}}