{"id":77048,"date":"2025-12-29T02:31:22","date_gmt":"2025-12-29T06:31:22","guid":{"rendered":"https:\/\/eldiarioantillano.com\/uno\/?p=77048"},"modified":"2025-12-29T02:31:22","modified_gmt":"2025-12-29T06:31:22","slug":"partido-libre-de-honduras-reprueba-proclamacion-de-presidente-electo","status":"publish","type":"post","link":"https:\/\/eldiarioantillano.com\/uno\/2025\/12\/29\/partido-libre-de-honduras-reprueba-proclamacion-de-presidente-electo\/","title":{"rendered":"Partido Libre de Honduras reprueba proclamaci\u00f3n de presidente electo"},"content":{"rendered":"<div class=\"elementor-element elementor-element-5a38e61 e-flex e-con-boxed e-con e-child\" data-id=\"5a38e61\" data-element_type=\"container\">\n<div class=\"e-con-inner\">\n<div class=\"elementor-element elementor-element-d2a4feb elementor-widget elementor-widget-theme-post-excerpt\" data-id=\"d2a4feb\" data-element_type=\"widget\" data-widget_type=\"theme-post-excerpt.default\">\n<div class=\"elementor-widget-container\">Tegucigalpa, dic (Prensa Latina) El gobernante Partido Libertad y Refundaci\u00f3n (Libre) de Honduras arremeti\u00f3 contra la proclamaci\u00f3n del candidato de la derecha Nasry Asfura, del Partido Nacional, como presidente electo de este pa\u00eds centroamericano para el periodo 2026-2030.<\/div>\n<\/div>\n<div>\n<p>A trav\u00e9s de una publicaci\u00f3n en la red social X, el exmandatario hondure\u00f1o Manuel Zelaya (2006-2009) afirm\u00f3 que la declaratoria oficial de Asfura por las dos magistradas del bipartidismo -partidos Nacional y Liberal- del Consejo Nacional Electoral (CNE) es una ruptura del orden democr\u00e1tico.<\/p>\n<p>Seg\u00fan m\u00faltiples denuncias, las consejeras liberal Ana Hall y nacionalista Cossette L\u00f3pez firmaron una resoluci\u00f3n sin concluir el escrutinio total de las actas, sin resolver impugnaciones y sin atender las solicitudes de recuento a nivel presidencial, manifest\u00f3 Zelaya.<\/p>\n<p>\u201cEsto nadie lo acepta: viola la soberan\u00eda popular y se percibe como uno de los mayores atropellos contra el orden constitucional\u201d, subray\u00f3 el tambi\u00e9n coordinador general de Libre.<\/p>\n<p>Precis\u00f3 que el accionar de ambas funcionarias responde a los grupos econ\u00f3micos, pol\u00edticos y criminales contrarios a la joven agrupaci\u00f3n progresista, nacida dos a\u00f1os despu\u00e9s del golpe de Estado de 2009 en su contra.<\/p>\n<p>Esas estructuras de poder no buscan un presidente que represente al pueblo, sino un \u201cgerente\u201d que proteja los privilegios de las \u00e9lites en Honduras, enfatiz\u00f3 el otrora gobernante.<\/p>\n<p>\u201cResistimos un golpe de Estado, resistimos exilio, persecuci\u00f3n, c\u00e1rcel y asesinatos. Y hoy, frente a este golpe de Estado electoral, tambi\u00e9n lo vamos a resistir\u201d, escribi\u00f3 el l\u00edder izquierdista.<\/p>\n<p>En un mensaje al presidente de Estados Unidos, Donald Trump, quien dio su apoyo p\u00fablico a Asfura, el exmandatario advirti\u00f3 que en Honduras nadie se rinde ni entrega la patria a los intereses de grupos extranjeros.<\/p>\n<p>\u201cHonduras ser\u00e1 libre, soberana e independiente, cuando su destino vuelva a estar en manos del pueblo\u201d, concluy\u00f3 Zelaya.<\/p>\n<p>Por su parte, la candidata presidencial de Libre, Rixi Moncada, denunci\u00f3 en la propia red social que el CNE \u201casesin\u00f3 nuestra incipiente democracia\u201d al proclamar presidente electo a Asfura, una decisi\u00f3n que calific\u00f3 de \u201cfraude y una imposici\u00f3n extranjera\u201d.<\/p>\n<p>Para Moncada, el \u00e1rbitro de los comicios, \u201catendiendo las instrucciones del imperio\u201d, declar\u00f3 un nuevo gobernante mediante un fraude electoral avalado por empresarios hondure\u00f1os con la intervenci\u00f3n de Trump.<\/p>\n<p>Acus\u00f3 a las consejeras L\u00f3pez y Hall de firmar una vergonzosa p\u00e1gina de traici\u00f3n.<\/p>\n<p>\u201cComo Judas por 30 monedas entregaron al pa\u00eds al precio del d\u00f3lar, usaron el miedo, la coacci\u00f3n y la injerencia para imponer un golpe electoral\u201d, puntualiz\u00f3 Moncada.<\/p>\n<p>El plan se ha consumado, pero conf\u00edo en que la verdad es inmutable y eterna, sostuvo la presidenciable, quien reiter\u00f3 su denuncia sobre \u201clas dolosas trampas\u201d del sistema de transmisi\u00f3n de resultados preliminares y las \u201cmiles de actas manoseadas que dejaron sombras donde deb\u00eda haber luz\u201d, sentenci\u00f3.<\/p>\n<p>arc\/edu<\/p>\n<\/div>\n<\/div>\n<\/div>\n","protected":false},"excerpt":{"rendered":"<p>Tegucigalpa, dic (Prensa Latina) El gobernante Partido Libertad y Refundaci\u00f3n (Libre) de Honduras arremeti\u00f3 contra&hellip;<\/p>\n","protected":false},"author":2,"featured_media":77049,"comment_status":"closed","ping_status":"closed","sticky":false,"template":"","format":"standard","meta":{"footnotes":""},"categories":[52,53],"tags":[],"class_list":["post-77048","post","type-post","status-publish","format-standard","has-post-thumbnail","hentry","category-internacionales","category-prensa-latina"],"_links":{"self":[{"href":"https:\/\/eldiarioantillano.com\/uno\/wp-json\/wp\/v2\/posts\/77048","targetHints":{"allow":["GET"]}}],"collection":[{"href":"https:\/\/eldiarioantillano.com\/uno\/wp-json\/wp\/v2\/posts"}],"about":[{"href":"https:\/\/eldiarioantillano.com\/uno\/wp-json\/wp\/v2\/types\/post"}],"author":[{"embeddable":true,"href":"https:\/\/eldiarioantillano.com\/uno\/wp-json\/wp\/v2\/users\/2"}],"replies":[{"embeddable":true,"href":"https:\/\/eldiarioantillano.com\/uno\/wp-json\/wp\/v2\/comments?post=77048"}],"version-history":[{"count":1,"href":"https:\/\/eldiarioantillano.com\/uno\/wp-json\/wp\/v2\/posts\/77048\/revisions"}],"predecessor-version":[{"id":77050,"href":"https:\/\/eldiarioantillano.com\/uno\/wp-json\/wp\/v2\/posts\/77048\/revisions\/77050"}],"wp:featuredmedia":[{"embeddable":true,"href":"https:\/\/eldiarioantillano.com\/uno\/wp-json\/wp\/v2\/media\/77049"}],"wp:attachment":[{"href":"https:\/\/eldiarioantillano.com\/uno\/wp-json\/wp\/v2\/media?parent=77048"}],"wp:term":[{"taxonomy":"category","embeddable":true,"href":"https:\/\/eldiarioantillano.com\/uno\/wp-json\/wp\/v2\/categories?post=77048"},{"taxonomy":"post_tag","embeddable":true,"href":"https:\/\/eldiarioantillano.com\/uno\/wp-json\/wp\/v2\/tags?post=77048"}],"curies":[{"name":"wp","href":"https:\/\/api.w.org\/{rel}","templated":true}]}}