{"id":77043,"date":"2025-12-28T00:05:56","date_gmt":"2025-12-28T04:05:56","guid":{"rendered":"https:\/\/eldiarioantillano.com\/uno\/?p=77043"},"modified":"2025-12-28T10:24:57","modified_gmt":"2025-12-28T14:24:57","slug":"un-regalo-de-navidad","status":"publish","type":"post","link":"https:\/\/eldiarioantillano.com\/uno\/2025\/12\/28\/un-regalo-de-navidad\/","title":{"rendered":"Un regalo de Navidad"},"content":{"rendered":"<p>Por N\u00c9STOR EST\u00c9VEZ<\/p>\n<p>En Rep\u00fablica Dominicana, como en muchas otras culturas, la Navidad viene cargada de simbolismos: luces, comidas compartidas y encuentros diversos. Sin embargo, aunque contradiga su esencia, no falta quien aproveche estas fechas para distraernos de lo verdaderamente importante. Entre celebraciones, compras y compromisos, corremos el riesgo de perder la noci\u00f3n de lo esencial y, al hacerlo, alejarnos de nosotros mismos y de los dem\u00e1s.<\/p>\n<p>Durante este per\u00edodo festivo muchos caemos en esa trampa. Nos dejamos absorber por el ruido, la prisa y el consumismo, y damos la espalda a la realidad concreta de nuestras vidas y de nuestro entorno social. Pero la Navidad tambi\u00e9n puede ser otra cosa: un tiempo de renovaci\u00f3n, una invitaci\u00f3n a recuperar sentido \u2014individual, colectivo y social\u2014 mediante pr\u00e1cticas que fortalezcan la memoria compartida y alimenten la esperanza.<\/p>\n<p>&nbsp;<\/p>\n<p><strong>La distracci\u00f3n como riesgo<\/strong><\/p>\n<p>Vivimos inmersos en un exceso de est\u00edmulos. Las pantallas ocupan buena parte de nuestras horas de vigilia; la tecnolog\u00eda promete inmediatez, eficiencia y conexi\u00f3n, pero a la vez erosiona nuestra atenci\u00f3n, nuestra memoria y nuestra capacidad de concentraci\u00f3n. La distracci\u00f3n permanente no es inocua: fragmenta el pensamiento y debilita la reflexi\u00f3n.<\/p>\n<p>Cuando no prestamos atenci\u00f3n a lo que realmente importa \u2014a nuestras relaciones, a nuestras prioridades, a nuestras propias necesidades\u2014 terminamos, casi sin darnos cuenta, repitiendo ciclos. El exceso de mensajes, notificaciones y tareas superficiales reduce nuestra capacidad de pensar con profundidad y de tomar decisiones conscientes.<\/p>\n<p>Este fen\u00f3meno no se limita al \u00e1mbito individual. Una sociedad que no cultiva atenci\u00f3n ni memoria se vuelve fr\u00e1gil. Pierde capacidad de dialogar con sentido, de aprender de su experiencia y de sostener conversaciones significativas. Sin esa base, las comunidades quedan expuestas a la polarizaci\u00f3n, a relaciones superficiales y a una idea de progreso sin direcci\u00f3n ni prop\u00f3sito.<\/p>\n<p>&nbsp;<\/p>\n<p><strong>Conversaci\u00f3n y memoria compartida<\/strong><\/p>\n<p>Frente a esa corriente de distracci\u00f3n, la conversaci\u00f3n emerge como una pr\u00e1ctica profundamente humana y regeneradora. Un reencuentro \u2014con amigos, familiares o personas con historias compartidas\u2014 puede reactivar memorias, fortalecer identidades y reconectar a las personas con su propio recorrido vital.<\/p>\n<p>Estas conversaciones no son simples ejercicios de nostalgia. Cuando compartimos historias, no solo evocamos recuerdos: tejemos significados, construimos cohesi\u00f3n y fortalecemos v\u00ednculos. Cada risa, cada an\u00e9cdota y cada silencio compartido se convierte en un punto de conexi\u00f3n emocional y social.<\/p>\n<p>En un mundo saturado de mensajes fugaces y mediados por pantallas, la conversaci\u00f3n cara a cara \u2014atenta, respetuosa y aut\u00e9ntica\u2014 puede convertirse en un acto de resistencia humana. En ese intercambio se refuerza el sentido de pertenencia, se activa la memoria colectiva y se crean condiciones para el entendimiento mutuo y la acci\u00f3n compartida.<\/p>\n<p>La memoria com\u00fan, adem\u00e1s, orienta el presente. No se trata de idealizar el pasado, sino de comprenderlo cr\u00edticamente y usarlo como br\u00fajula para actuar hoy y proyectar el futuro. Ese tejido de recuerdos compartidos no surge por s\u00ed solo: se cultiva en los encuentros cotidianos, en las narraciones que conectan pasado, presente y porvenir. Y en Navidad, cuando se multiplican los espacios de encuentro, esa tarea se vuelve especialmente valiosa.<\/p>\n<p>&nbsp;<\/p>\n<p><strong>La esperanza como fuerza activa<\/strong><\/p>\n<p>En este punto entra la esperanza, \u00edntimamente ligada a la conversaci\u00f3n y la memoria. Lejos de ser una ilusi\u00f3n ingenua, la esperanza es una fuerza transformadora que atraviesa nuestra vida cotidiana. No consiste en esperar pasivamente que algo cambie, sino en imaginar y construir un futuro mejor mediante acciones concretas en el presente.<\/p>\n<p>La esperanza se expresa en gestos sencillos: en la pregunta honesta \u201c\u00bfc\u00f3mo puedo ayudarte?\u201d, en el abrazo que reconforta, en la conversaci\u00f3n que abre posibilidades, en la voluntad de encontrarse m\u00e1s all\u00e1 de la distracci\u00f3n superficial. Es una actitud que ancla a las personas, incluso en contextos de incertidumbre y dificultad.<\/p>\n<p>La Navidad nos coloca, as\u00ed, ante una disyuntiva clara: dejarnos arrastrar por la distracci\u00f3n y la superficialidad, o aprovechar este tiempo para cultivar atenci\u00f3n, conversaci\u00f3n y esperanza. Esto implica pr\u00e1cticas concretas: desconectarnos conscientemente de lo que fragmenta nuestra atenci\u00f3n, conversar con profundidad, recordar y narrar nuestras historias, y actuar con coherencia solidaria.<\/p>\n<p>Vista desde esta perspectiva, la Navidad es oportunidad de oro para regalarnos un reencuentro con nuestra humanidad y para construir, desde lo cotidiano, caminos de sentido y avance real. Que estas fiestas nos unan y renueven la esperanza.<\/p>\n","protected":false},"excerpt":{"rendered":"<p>Por N\u00c9STOR EST\u00c9VEZ En Rep\u00fablica Dominicana, como en muchas otras culturas, la Navidad viene cargada&hellip;<\/p>\n","protected":false},"author":2,"featured_media":66757,"comment_status":"closed","ping_status":"closed","sticky":false,"template":"","format":"standard","meta":{"footnotes":""},"categories":[143,51],"tags":[],"class_list":["post-77043","post","type-post","status-publish","format-standard","has-post-thumbnail","hentry","category-nestor-estevez","category-opinion"],"_links":{"self":[{"href":"https:\/\/eldiarioantillano.com\/uno\/wp-json\/wp\/v2\/posts\/77043","targetHints":{"allow":["GET"]}}],"collection":[{"href":"https:\/\/eldiarioantillano.com\/uno\/wp-json\/wp\/v2\/posts"}],"about":[{"href":"https:\/\/eldiarioantillano.com\/uno\/wp-json\/wp\/v2\/types\/post"}],"author":[{"embeddable":true,"href":"https:\/\/eldiarioantillano.com\/uno\/wp-json\/wp\/v2\/users\/2"}],"replies":[{"embeddable":true,"href":"https:\/\/eldiarioantillano.com\/uno\/wp-json\/wp\/v2\/comments?post=77043"}],"version-history":[{"count":1,"href":"https:\/\/eldiarioantillano.com\/uno\/wp-json\/wp\/v2\/posts\/77043\/revisions"}],"predecessor-version":[{"id":77044,"href":"https:\/\/eldiarioantillano.com\/uno\/wp-json\/wp\/v2\/posts\/77043\/revisions\/77044"}],"wp:featuredmedia":[{"embeddable":true,"href":"https:\/\/eldiarioantillano.com\/uno\/wp-json\/wp\/v2\/media\/66757"}],"wp:attachment":[{"href":"https:\/\/eldiarioantillano.com\/uno\/wp-json\/wp\/v2\/media?parent=77043"}],"wp:term":[{"taxonomy":"category","embeddable":true,"href":"https:\/\/eldiarioantillano.com\/uno\/wp-json\/wp\/v2\/categories?post=77043"},{"taxonomy":"post_tag","embeddable":true,"href":"https:\/\/eldiarioantillano.com\/uno\/wp-json\/wp\/v2\/tags?post=77043"}],"curies":[{"name":"wp","href":"https:\/\/api.w.org\/{rel}","templated":true}]}}