{"id":77038,"date":"2025-12-27T18:00:57","date_gmt":"2025-12-27T22:00:57","guid":{"rendered":"https:\/\/eldiarioantillano.com\/uno\/?p=77038"},"modified":"2025-12-27T18:00:57","modified_gmt":"2025-12-27T22:00:57","slug":"argentina-donde-esta-el-oro","status":"publish","type":"post","link":"https:\/\/eldiarioantillano.com\/uno\/2025\/12\/27\/argentina-donde-esta-el-oro\/","title":{"rendered":"Argentina: \u00bfD\u00f3nde est\u00e1 el oro?"},"content":{"rendered":"<p>Buenos Aires (Prensa Latina) Bajo el gobierno del presidente Javier Milei, el Banco Central argentino sac\u00f3 del pa\u00eds el pasado a\u00f1o una cantidad desconocida de lingotes de oro, y ahora la justicia le orden\u00f3 a entregar toda la informaci\u00f3n sobre esa oculta operaci\u00f3n.<\/p>\n<p>La C\u00e1mara en lo Contencioso Administrativo Federal revoc\u00f3 un fallo de primera instancia y orden\u00f3 al Banco Central de la Rep\u00fablica Argentina (BCRA) que entregue informaci\u00f3n p\u00fablica vinculada al env\u00edo de lingotes de oro al exterior, a lo que se negaba la instituci\u00f3n.<\/p>\n<p>Incluso, el BCRA bajo la presidencia de Santiago Bauseli, uno de los ejecutivos del JP Morgan en la administraci\u00f3n Milei y muy cercano al ministro de Econom\u00eda, Luis Caputo, rehus\u00f3 a brindar informar a la Auditor\u00eda General de la Naci\u00f3n (AGN), un \u00f3rgano del Congreso, sobre el monto y el destino del oro argentino enviado al exterior.<\/p>\n<p>Bausili hasta prohibi\u00f3 que se realizara el trabajo de auditor\u00eda sobre los lingotes de oro sacados del pa\u00eds en 2024.<\/p>\n<p>En una respuesta que los peritos financieros consideran inaudita, ahora la direcci\u00f3n del BCRA dice que no hay forma de auditar la operatoria porque los contratos de colocaci\u00f3n de los lingotes \u00abno existen a la fecha ni los hab\u00eda al 31\/12\/2024\u201d. La AGN ocup\u00f3 sus vacantes y puede avanzar con la investigaci\u00f3n, pese a las trabas del BCRA.<\/p>\n<p>El planteo ante la justicia lo realiz\u00f3 la Asociaci\u00f3n Bancaria en el marco de la Ley de Acceso a la Informaci\u00f3n P\u00fablica, y tambi\u00e9n desde el gobierno bonaerense requirieron la informaci\u00f3n.<\/p>\n<p>La Sala V en una resoluci\u00f3n firmada por los jueces Guillermo Treacy y Pablo Gallegos Fedriani consider\u00f3 que la autoridad monetaria no justific\u00f3 de manera suficiente la decisi\u00f3n de declarar la \u201creserva total\u201d de la informaci\u00f3n requerida y sostuvo que la negativa vulner\u00f3 los principios de transparencia y m\u00e1xima divulgaci\u00f3n.<\/p>\n<p>El tribunal concluy\u00f3 que la respuesta del Banco Central se bas\u00f3 en \u201cmeras afirmaciones gen\u00e9ricas\u201d y que no permiti\u00f3 verificar si la restricci\u00f3n al acceso a la informaci\u00f3n era leg\u00edtima.<\/p>\n<p>En ese sentido, afirm\u00f3 que \u201cla forma en que la demandada respondi\u00f3 a los requerimientos resulta incompatible con los principios de publicidad, m\u00e1xima divulgaci\u00f3n y transparencia\u201d.<\/p>\n<p>Como report\u00f3 el peri\u00f3dico \u00c1mbito Financiero, la autoridad monetaria tambi\u00e9n se rehus\u00f3 a informar a la Auditor\u00eda General de la Naci\u00f3n (AGN) el destino de los lingotes.<\/p>\n<p>La causa se origin\u00f3 a partir de varios pedidos de acceso a la informaci\u00f3n presentados en julio y agosto de 2024, en los que se solicitaban detalles sobre eventuales env\u00edos de oro al exterior, las decisiones administrativas que los autorizaron, los funcionarios intervinientes, los expedientes administrativos, la contrataci\u00f3n de seguros y la eventual intervenci\u00f3n de la sindicatura del BCRA.<\/p>\n<p>En primera instancia, la autoridad del BCRA consigui\u00f3 un amparo sobre el supuesto de que su divulgaci\u00f3n pod\u00eda afectar la seguridad de las reservas y el funcionamiento del sistema financiero. Sin embargo, la en lo Contencioso Administrativo Federal adopt\u00f3 un criterio distinto. Seg\u00fan el veredicto, \u201cla configuraci\u00f3n de alguna de las excepciones legales a la entrega de informaci\u00f3n p\u00fablica no puede depender de una apreciaci\u00f3n unilateral del sujeto obligado\u201d, y recalc\u00f3 que es el Estado quien debe demostrar, de manera concreta, que la difusi\u00f3n de los datos solicitados causar\u00eda un da\u00f1o a un inter\u00e9s leg\u00edtimamente protegido.<\/p>\n<p>La C\u00e1mara tambi\u00e9n subray\u00f3 que la informaci\u00f3n reclamada se vincula con \u201cun asunto de indudable inter\u00e9s p\u00fablico\u201d, como es la administraci\u00f3n de las reservas internacionales, y record\u00f3 que el derecho de acceso a la informaci\u00f3n se rige por el principio de m\u00e1xima divulgaci\u00f3n.<\/p>\n<p>mem\/mh<\/p>\n","protected":false},"excerpt":{"rendered":"<p>Buenos Aires (Prensa Latina) Bajo el gobierno del presidente Javier Milei, el Banco Central argentino&hellip;<\/p>\n","protected":false},"author":2,"featured_media":77039,"comment_status":"closed","ping_status":"closed","sticky":false,"template":"","format":"standard","meta":{"footnotes":""},"categories":[52,53],"tags":[],"class_list":["post-77038","post","type-post","status-publish","format-standard","has-post-thumbnail","hentry","category-internacionales","category-prensa-latina"],"_links":{"self":[{"href":"https:\/\/eldiarioantillano.com\/uno\/wp-json\/wp\/v2\/posts\/77038","targetHints":{"allow":["GET"]}}],"collection":[{"href":"https:\/\/eldiarioantillano.com\/uno\/wp-json\/wp\/v2\/posts"}],"about":[{"href":"https:\/\/eldiarioantillano.com\/uno\/wp-json\/wp\/v2\/types\/post"}],"author":[{"embeddable":true,"href":"https:\/\/eldiarioantillano.com\/uno\/wp-json\/wp\/v2\/users\/2"}],"replies":[{"embeddable":true,"href":"https:\/\/eldiarioantillano.com\/uno\/wp-json\/wp\/v2\/comments?post=77038"}],"version-history":[{"count":1,"href":"https:\/\/eldiarioantillano.com\/uno\/wp-json\/wp\/v2\/posts\/77038\/revisions"}],"predecessor-version":[{"id":77040,"href":"https:\/\/eldiarioantillano.com\/uno\/wp-json\/wp\/v2\/posts\/77038\/revisions\/77040"}],"wp:featuredmedia":[{"embeddable":true,"href":"https:\/\/eldiarioantillano.com\/uno\/wp-json\/wp\/v2\/media\/77039"}],"wp:attachment":[{"href":"https:\/\/eldiarioantillano.com\/uno\/wp-json\/wp\/v2\/media?parent=77038"}],"wp:term":[{"taxonomy":"category","embeddable":true,"href":"https:\/\/eldiarioantillano.com\/uno\/wp-json\/wp\/v2\/categories?post=77038"},{"taxonomy":"post_tag","embeddable":true,"href":"https:\/\/eldiarioantillano.com\/uno\/wp-json\/wp\/v2\/tags?post=77038"}],"curies":[{"name":"wp","href":"https:\/\/api.w.org\/{rel}","templated":true}]}}