{"id":77000,"date":"2025-12-25T01:03:27","date_gmt":"2025-12-25T05:03:27","guid":{"rendered":"https:\/\/eldiarioantillano.com\/uno\/?p=77000"},"modified":"2025-12-25T01:03:27","modified_gmt":"2025-12-25T05:03:27","slug":"mexico-registra-superavit-de-663-millones-de-dolares-en-noviembre","status":"publish","type":"post","link":"https:\/\/eldiarioantillano.com\/uno\/2025\/12\/25\/mexico-registra-superavit-de-663-millones-de-dolares-en-noviembre\/","title":{"rendered":"M\u00e9xico registra super\u00e1vit de 663 millones de d\u00f3lares en noviembre"},"content":{"rendered":"<div class=\"elementor-element elementor-element-5a38e61 e-flex e-con-boxed e-con e-child\" data-id=\"5a38e61\" data-element_type=\"container\">\n<div class=\"e-con-inner\">\n<div class=\"elementor-element elementor-element-d2a4feb elementor-widget elementor-widget-theme-post-excerpt\" data-id=\"d2a4feb\" data-element_type=\"widget\" data-widget_type=\"theme-post-excerpt.default\">\n<div class=\"elementor-widget-container\">Ciudad de M\u00e9xico, (Prensa Latina) La balanza comercial de mercanc\u00edas de M\u00e9xico registr\u00f3 en noviembre un super\u00e1vit de 663 millones de d\u00f3lares, divulg\u00f3 hoy el Instituto Nacional de Estad\u00edstica y Geograf\u00eda (Inegi).<\/div>\n<\/div>\n<\/div>\n<\/div>\n<div class=\"elementor-element elementor-element-0aea3a0 elementor-widget elementor-widget-theme-post-content\" data-id=\"0aea3a0\" data-element_type=\"widget\" data-widget_type=\"theme-post-content.default\">\n<div class=\"elementor-widget-container\">\n<p>Un comunicado de la instituci\u00f3n precisa que tal saldo se compara con el de 606 millones reportado en octubre.<\/p>\n<p>Seg\u00fan detalla, la ampliaci\u00f3n obedece a un aumento del super\u00e1vit de productos no petroleros \u2013que pas\u00f3 de dos mil 736 millones de d\u00f3lares en octubre a dos mil 838 millones en noviembre- y de un incremento del d\u00e9ficit en petroleros \u2013de dos mil 129 millones a dos mil 175 millones-.<\/p>\n<p>Para el per\u00edodo enero-noviembre de este a\u00f1o, la balanza comercial present\u00f3 un d\u00e9ficit de mil 659 millones de d\u00f3lares, expuso el texto, al agregar que en el mismo lapso de 2024 este ascendi\u00f3 a 20 mil 389 millones.<\/p>\n<p>De acuerdo con el Inegi, el valor de las exportaciones en el pen\u00faltimo mes de 2025 sum\u00f3 56 mil 412 millones de d\u00f3lares, 7,9 por ciento m\u00e1s con relaci\u00f3n al del a\u00f1o pasado.<\/p>\n<p>Esa tasa result\u00f3 de un crecimiento de 10,5 por ciento en las ventas no petroleras y de una reducci\u00f3n de 40,4 en las petroleras.<\/p>\n<p>Al interior de las exportaciones no petroleras, las dirigidas a Estados Unidos crecieron 8,5 por ciento a tasa anual y las canalizadas al resto del mundo, 20,9.<\/p>\n<p>Con respecto a las importaciones, su valor totaliz\u00f3 55 mil 749 millones de d\u00f3lares, un crecimiento de 5,2 por ciento frente al mismo lapso de 2024.<\/p>\n<p>jha\/las<\/p>\n<\/div>\n<\/div>\n","protected":false},"excerpt":{"rendered":"<p>Ciudad de M\u00e9xico, (Prensa Latina) La balanza comercial de mercanc\u00edas de M\u00e9xico registr\u00f3 en noviembre&hellip;<\/p>\n","protected":false},"author":2,"featured_media":77002,"comment_status":"closed","ping_status":"closed","sticky":false,"template":"","format":"standard","meta":{"footnotes":""},"categories":[52,53],"tags":[],"class_list":["post-77000","post","type-post","status-publish","format-standard","has-post-thumbnail","hentry","category-internacionales","category-prensa-latina"],"_links":{"self":[{"href":"https:\/\/eldiarioantillano.com\/uno\/wp-json\/wp\/v2\/posts\/77000","targetHints":{"allow":["GET"]}}],"collection":[{"href":"https:\/\/eldiarioantillano.com\/uno\/wp-json\/wp\/v2\/posts"}],"about":[{"href":"https:\/\/eldiarioantillano.com\/uno\/wp-json\/wp\/v2\/types\/post"}],"author":[{"embeddable":true,"href":"https:\/\/eldiarioantillano.com\/uno\/wp-json\/wp\/v2\/users\/2"}],"replies":[{"embeddable":true,"href":"https:\/\/eldiarioantillano.com\/uno\/wp-json\/wp\/v2\/comments?post=77000"}],"version-history":[{"count":1,"href":"https:\/\/eldiarioantillano.com\/uno\/wp-json\/wp\/v2\/posts\/77000\/revisions"}],"predecessor-version":[{"id":77003,"href":"https:\/\/eldiarioantillano.com\/uno\/wp-json\/wp\/v2\/posts\/77000\/revisions\/77003"}],"wp:featuredmedia":[{"embeddable":true,"href":"https:\/\/eldiarioantillano.com\/uno\/wp-json\/wp\/v2\/media\/77002"}],"wp:attachment":[{"href":"https:\/\/eldiarioantillano.com\/uno\/wp-json\/wp\/v2\/media?parent=77000"}],"wp:term":[{"taxonomy":"category","embeddable":true,"href":"https:\/\/eldiarioantillano.com\/uno\/wp-json\/wp\/v2\/categories?post=77000"},{"taxonomy":"post_tag","embeddable":true,"href":"https:\/\/eldiarioantillano.com\/uno\/wp-json\/wp\/v2\/tags?post=77000"}],"curies":[{"name":"wp","href":"https:\/\/api.w.org\/{rel}","templated":true}]}}