{"id":76998,"date":"2025-12-25T00:58:25","date_gmt":"2025-12-25T04:58:25","guid":{"rendered":"https:\/\/eldiarioantillano.com\/uno\/?p=76998"},"modified":"2025-12-25T00:58:25","modified_gmt":"2025-12-25T04:58:25","slug":"por-fin-cerraron-la-victoria-cementerio-de-hombres-vivos","status":"publish","type":"post","link":"https:\/\/eldiarioantillano.com\/uno\/2025\/12\/25\/por-fin-cerraron-la-victoria-cementerio-de-hombres-vivos\/","title":{"rendered":"\u00a1Por fin!, cerraron La Victoria, \u00a1\u201cCementerio de hombres vivos\u201d!"},"content":{"rendered":"<div dir=\"ltr\">ALFONSO -FONCHI- TEJEDA<\/div>\n<div dir=\"ltr\"><\/div>\n<div>El sonoro \u00a1Bravo!, expresado a todo pulm\u00f3n por una mujer desde su alegre anonimato, contrast\u00f3 con el semblante de Roberto Santana, mostrando la puja entre sus emociones, emociones que la combatiente Dulce Then captara: \u201cCuando Roberto estaba preso en La Victoria, qui\u00e9n le iba a decir que le tocar\u00eda a \u00e9l mismo cerrarla\u201d, sentencia que relata su compa\u00f1ero de vida, Rafael Chaljub Mej\u00eda, en su muy expresivo reciente art\u00edculo \u201cQu\u00e9 bueno, cerraron La Victoria\u201d<\/div>\n<div><\/div>\n<div>Do\u00f1a Dulce retorna a recuerdos suyos de vicisitudes confrontadas cuando al recinto clausurado se le llamaba \u201ccementerio de hombres vivos\u201d y ella, junta a otras muchas mujeres ten\u00edan que padecer los odiseicos viajes y tr\u00e1mites a ese penal, donde su esposo Chaljub Mej\u00eda fue encerrado en dos ocasiones, compartiendo en una de ellas con Roberto Santana, que durante los 12 a\u00f1os del r\u00e9gimen balaguerista, tambi\u00e9n estuvo entre los tantos \u201cinquilinos involuntarios\u201d del lugar.<\/div>\n<div><\/div>\n<div>Entonces era La Victoria &#8211; paradoja de sus auspiciadores-, el cruel y m\u00e1s emblem\u00e1tico espacio desde el cual el presidente Joaqu\u00edn Balaguer pretend\u00eda \u201cencerrar las ideas\u201d, esas que Ram\u00f3n Leonardo advert\u00eda la imposibilidad de que \u201calguna idea pueda estar presa\u201d, aunque sus portadores estuvieran \u201ctras esas rejas\u201d , porque las \u201cideas pueden ser cantos, sonrisas o versos\u201d , convicci\u00f3n y <i>leitmotiv<\/i>\u00a0de un movimiento sostenido, permanente, de demanda de Libertad, acci\u00f3n que en Navidad alcanzaba sus m\u00e1s altos est\u00e1ndares de reclamos.<\/div>\n<div>\u00a0En diciembre esos reclamos eran protagonizados por artistas, intelectuales, gente del pueblo que ocupan iglesias, se movilizaban, reclamaban, bajo la bandera del \u201cComit\u00e9 Permanente por la Libertad de los Presos pol\u00edticos y el regreso de los exiliados \u201clogro alcanzado en 1978, cuando el reci\u00e9n instalado Gobierno perrede\u00edsta aprob\u00f3 la ley n\u00famero uno de su gesti\u00f3n, la Ley de Amnist\u00eda, que abri\u00f3 las puertas para que salieran los presos pol\u00edticos, y, a partir del cual La Victoria ces\u00f3\u00a0 una de sus funciones desde que \u00a0fue establecida en 1952 por la dictadura trujillista: centro de castigos, torturas y muertes de opositores pol\u00edticos.<\/div>\n<div><\/div>\n<div>Despu\u00e9s de 1978, el recinto funcion\u00f3 para los confinados por delitos comunes, la mayor\u00eda de ellos castigados por una administraci\u00f3n de justicia que los relega\u00a0\u00a0 de los procedimientos legales que les garantizan\u00a0 derechos humanos, margin\u00e1ndolos en los procesos hasta atiborrar esa c\u00e1rcel con una sobrepoblaci\u00f3n (m\u00e1s de nueve mil) de hasta tres veces m\u00e1s de la capacidad instalada (2000 reos), resultando entonces en la necesidad de construir un nuevo presidio, el bautizado como Las Parras, con disponibilidad para albergar m\u00e1s reclusos.<\/div>\n<div><\/div>\n<div>Saldo de otra de las deudas acumuladas de la democracia con la sociedad, que ahora pretende, desde una visi\u00f3n m\u00e1s integral, resarcir con el nuevo Modelo Penitenciario, la dignidad humana de los \u201cprivados de libertad\u201d, y hacer realidad el incumplido prop\u00f3sito de \u201creeducarlos\u201d en las c\u00e1rceles y reintegrarlos a la colectividad, confiando en que durante el tiempo de reclusi\u00f3n adquirieron conocimientos, destrezas y conciencia suficientes para comportarse como\u00a0 ciudadanos confiables y productivos en la comunidad.<\/div>\n<div><\/div>\n<div>Aunque surge con un quebrantamiento de leyes financieras y desv\u00edo inapropiados de los recursos para su construcci\u00f3n \u00a0-contenido en el expediente\u00a0 denominado Operaci\u00f3n Medusa-, la nueva c\u00e1rcel es una intenci\u00f3n para clausurar\u00a0 de manera definitiva ese \u201ccementerio de hombres vivos\u201d que durante 73 a\u00f1os fue la Penitenciar\u00eda Nacional de La Victoria,\u00a0\u00a0 y que el pasado jueves 16 de diciembre de este 2025 ces\u00f3 t\u00e9cnicamente, como anunci\u00f3 Roberto Santana, dando paso a Las Parras, que abri\u00f3 sus puertas a una nueva camada de presos, los procesados por los grandes casos de corrupci\u00f3n, categor\u00eda que cada vez parece hacerse m\u00e1s \u201ccom\u00fan\u201d.<\/div>\n","protected":false},"excerpt":{"rendered":"<p>ALFONSO -FONCHI- TEJEDA El sonoro \u00a1Bravo!, expresado a todo pulm\u00f3n por una mujer desde su&hellip;<\/p>\n","protected":false},"author":2,"featured_media":64816,"comment_status":"closed","ping_status":"closed","sticky":false,"template":"","format":"standard","meta":{"footnotes":""},"categories":[58,55,51],"tags":[],"class_list":["post-76998","post","type-post","status-publish","format-standard","has-post-thumbnail","hentry","category-alfonso-fonchi-tejeda","category-nacionales","category-opinion"],"_links":{"self":[{"href":"https:\/\/eldiarioantillano.com\/uno\/wp-json\/wp\/v2\/posts\/76998","targetHints":{"allow":["GET"]}}],"collection":[{"href":"https:\/\/eldiarioantillano.com\/uno\/wp-json\/wp\/v2\/posts"}],"about":[{"href":"https:\/\/eldiarioantillano.com\/uno\/wp-json\/wp\/v2\/types\/post"}],"author":[{"embeddable":true,"href":"https:\/\/eldiarioantillano.com\/uno\/wp-json\/wp\/v2\/users\/2"}],"replies":[{"embeddable":true,"href":"https:\/\/eldiarioantillano.com\/uno\/wp-json\/wp\/v2\/comments?post=76998"}],"version-history":[{"count":1,"href":"https:\/\/eldiarioantillano.com\/uno\/wp-json\/wp\/v2\/posts\/76998\/revisions"}],"predecessor-version":[{"id":76999,"href":"https:\/\/eldiarioantillano.com\/uno\/wp-json\/wp\/v2\/posts\/76998\/revisions\/76999"}],"wp:featuredmedia":[{"embeddable":true,"href":"https:\/\/eldiarioantillano.com\/uno\/wp-json\/wp\/v2\/media\/64816"}],"wp:attachment":[{"href":"https:\/\/eldiarioantillano.com\/uno\/wp-json\/wp\/v2\/media?parent=76998"}],"wp:term":[{"taxonomy":"category","embeddable":true,"href":"https:\/\/eldiarioantillano.com\/uno\/wp-json\/wp\/v2\/categories?post=76998"},{"taxonomy":"post_tag","embeddable":true,"href":"https:\/\/eldiarioantillano.com\/uno\/wp-json\/wp\/v2\/tags?post=76998"}],"curies":[{"name":"wp","href":"https:\/\/api.w.org\/{rel}","templated":true}]}}