{"id":76961,"date":"2025-12-23T02:06:51","date_gmt":"2025-12-23T06:06:51","guid":{"rendered":"https:\/\/eldiarioantillano.com\/uno\/?p=76961"},"modified":"2025-12-23T02:06:51","modified_gmt":"2025-12-23T06:06:51","slug":"experto-informa-sobre-el-volumen-de-agua-que-registran-las-represas","status":"publish","type":"post","link":"https:\/\/eldiarioantillano.com\/uno\/2025\/12\/23\/experto-informa-sobre-el-volumen-de-agua-que-registran-las-represas\/","title":{"rendered":"Experto informa sobre el volumen de agua que registran las represas"},"content":{"rendered":"<p>El t\u00e9cnico Manuel Gonz\u00e1lez Tejera reporta que el VOLUMEN \u00daTIL de agua a nivel nacional de los principales embalses de la naci\u00f3n al lunes 22 de diciembre del 2025.<\/p>\n<p>El volumen asciende a 1,200.20 MMC que representan el 79.52 % del total, el volumen DISMINUY\u00d3 en -37.15 Millones de Metros C\u00fabicos (MMC) respecto al 15 de diciembre del 2025.<\/p>\n<p>Adjunto le estamos remitiendo el GR\u00c1FICO M\u00daLTIPLE con la evoluci\u00f3n del volumen \u00fatil de los NUEVE embalses principales de la Rep\u00fablica Dominicana, a la saz\u00f3n: Taveras, Bao, Monci\u00f3n, Rinc\u00f3n, Hatillo, Jig\u00fcey, Valdesia, Sabana Yegua y Sabaneta. (ver ANEXO).<\/p>\n<p>Las reservas \u00fatiles por regi\u00f3n hidrogr\u00e1fica representan en la actualidad lo siguiente:<\/p>\n<ol>\n<li>Regi\u00f3n YAQUE del NORTE un 80.56 %<\/li>\n<li>Regi\u00f3n YUNA un 91.47 %<\/li>\n<li>Regi\u00f3n NIZAO un 74.58 %<\/li>\n<li>Regi\u00f3n YAQUE del SUR un 70.79 %<\/li>\n<\/ol>\n<p>El volumen \u00daTIL de cada uno de los embalses (el color azul significa que increment\u00f3 su volumen y el rojo que ha disminuido respecto a la semana anterior), al d\u00eda de hoy respecto a su volumen \u00fatil m\u00e1ximo, representa:<\/p>\n<ol>\n<li>TAVERA&#8230;&#8230;&#8230;&#8230;&#8230;&#8230;&#8230; 63.55 %<\/li>\n<li>BAO&#8230;&#8230;&#8230;&#8230;&#8230;&#8230;&#8230;&#8230;&#8230;83.17 %<\/li>\n<li>MONCI\u00d3N&#8230;&#8230;&#8230;&#8230;&#8230;&#8230;85.49 %<\/li>\n<li>RINC\u00d3N&#8230;&#8230;&#8230;&#8230;&#8230;&#8230;&#8230;70.59 %<\/li>\n<li>HATILLO&#8230;&#8230;&#8230;&#8230;&#8230;&#8230;&#8230;94.92 %<\/li>\n<li>JIG\u00dcEY&#8230;&#8230;&#8230;&#8230;&#8230;&#8230;&#8230;&#8230;71.37 %<\/li>\n<li>VALDESIA&#8230;&#8230;&#8230;&#8230;&#8230;&#8230;..78.23 %<\/li>\n<li>SABANA YEGUA&#8230;&#8230;&#8230;..69.86 %<\/li>\n<li>SABANETA&#8230;&#8230;&#8230;&#8230;&#8230;&#8230;.76.41 %<\/li>\n<\/ol>\n<p>Finalmente, la presa de MONTEGRANDE se encontraba en la COTA 194.87 msnm con un volumen total de 213.49 MMC y \u00fatil de 145.23 MMC.<\/p>\n<p>&nbsp;<\/p>\n<p>&nbsp;<\/p>\n","protected":false},"excerpt":{"rendered":"<p>El t\u00e9cnico Manuel Gonz\u00e1lez Tejera reporta que el VOLUMEN \u00daTIL de agua a nivel nacional&hellip;<\/p>\n","protected":false},"author":2,"featured_media":76962,"comment_status":"closed","ping_status":"closed","sticky":false,"template":"","format":"standard","meta":{"footnotes":""},"categories":[55],"tags":[],"class_list":["post-76961","post","type-post","status-publish","format-standard","has-post-thumbnail","hentry","category-nacionales"],"_links":{"self":[{"href":"https:\/\/eldiarioantillano.com\/uno\/wp-json\/wp\/v2\/posts\/76961","targetHints":{"allow":["GET"]}}],"collection":[{"href":"https:\/\/eldiarioantillano.com\/uno\/wp-json\/wp\/v2\/posts"}],"about":[{"href":"https:\/\/eldiarioantillano.com\/uno\/wp-json\/wp\/v2\/types\/post"}],"author":[{"embeddable":true,"href":"https:\/\/eldiarioantillano.com\/uno\/wp-json\/wp\/v2\/users\/2"}],"replies":[{"embeddable":true,"href":"https:\/\/eldiarioantillano.com\/uno\/wp-json\/wp\/v2\/comments?post=76961"}],"version-history":[{"count":1,"href":"https:\/\/eldiarioantillano.com\/uno\/wp-json\/wp\/v2\/posts\/76961\/revisions"}],"predecessor-version":[{"id":76963,"href":"https:\/\/eldiarioantillano.com\/uno\/wp-json\/wp\/v2\/posts\/76961\/revisions\/76963"}],"wp:featuredmedia":[{"embeddable":true,"href":"https:\/\/eldiarioantillano.com\/uno\/wp-json\/wp\/v2\/media\/76962"}],"wp:attachment":[{"href":"https:\/\/eldiarioantillano.com\/uno\/wp-json\/wp\/v2\/media?parent=76961"}],"wp:term":[{"taxonomy":"category","embeddable":true,"href":"https:\/\/eldiarioantillano.com\/uno\/wp-json\/wp\/v2\/categories?post=76961"},{"taxonomy":"post_tag","embeddable":true,"href":"https:\/\/eldiarioantillano.com\/uno\/wp-json\/wp\/v2\/tags?post=76961"}],"curies":[{"name":"wp","href":"https:\/\/api.w.org\/{rel}","templated":true}]}}