{"id":76958,"date":"2025-12-22T01:27:54","date_gmt":"2025-12-22T05:27:54","guid":{"rendered":"https:\/\/eldiarioantillano.com\/uno\/?p=76958"},"modified":"2025-12-22T01:27:54","modified_gmt":"2025-12-22T05:27:54","slug":"fao-alerto-que-persiste-alto-nivel-de-hambre-y-desnutricion-en-gaza","status":"publish","type":"post","link":"https:\/\/eldiarioantillano.com\/uno\/2025\/12\/22\/fao-alerto-que-persiste-alto-nivel-de-hambre-y-desnutricion-en-gaza\/","title":{"rendered":"FAO alert\u00f3 que persiste alto nivel de hambre y desnutrici\u00f3n en Gaza"},"content":{"rendered":"<div class=\"elementor-element elementor-element-6de1b51f elementor-widget elementor-widget-theme-post-excerpt\" data-id=\"6de1b51f\" data-element_type=\"widget\" data-widget_type=\"theme-post-excerpt.default\">\n<div class=\"elementor-widget-container\">Roma, dic (Prensa Latina) La Organizaci\u00f3n de las Naciones Unidas para la Alimentaci\u00f3n y la Agricultura (FAO), alert\u00f3 que al menos 1,6 millones de personas a\u00fan enfrentan un alto nivel de inseguridad alimentaria aguda en la Franja de Gaza, indica hoy una nota.<\/div>\n<\/div>\n<div class=\"elementor-element elementor-element-761416c0 elementor-widget elementor-widget-theme-post-content\" data-id=\"761416c0\" data-element_type=\"widget\" data-widget_type=\"theme-post-content.default\">\n<div class=\"elementor-widget-container\">\n<div class=\"ss-inline-share-wrapper ss-left-inline-content ss-small-icons ss-with-spacing ss-circle-icons ss-without-labels\">\n<div class=\"ss-inline-share-content\"><\/div>\n<\/div>\n<p>La oficina de prensa de esa instituci\u00f3n dio a conocer un comunicado, suscrito de manera conjunta con el Programa Mundial de Alimentos (PMA), el Fondo de las Naciones Unidas para la Infancia (Unicef), y la Organizaci\u00f3n Mundial de la Salud (OMS), donde se precisa que padece hambre y desnutrici\u00f3n el 77,0 por ciento de la poblaci\u00f3n de esa zona.<\/p>\n<p>En el informe, que cita datos del \u00faltimo an\u00e1lisis de la Clasificaci\u00f3n Integrada de la Seguridad Alimentaria en Fases (CIF) para Gaza, se se\u00f1ala que entre los m\u00e1s afectados se encuentran m\u00e1s de 100 mil ni\u00f1os, as\u00ed como unas 37 mil mujeres embarazadas y lactantes.<\/p>\n<p>El reporte del CIF aprecia que \u201cninguna zona de la Franja est\u00e1 actualmente clasificada como hambruna, tras el alto el fuego de octubre y cierta mejora del acceso humanitario y comercial\u201d pero \u201cel hambre, la desnutrici\u00f3n, las enfermedades y la magnitud de la destrucci\u00f3n agr\u00edcola siguen siendo alarmantemente altos\u201d.<\/p>\n<p>Ese relativo progreso sobre la hambruna es \u201cextremadamente fr\u00e1gil\u201d, subrayan los expertos, debido a que la poblaci\u00f3n contin\u00faa luchando contra la destrucci\u00f3n masiva de infraestructuras y el colapso de los medios de vida y la producci\u00f3n local de alimentos, mientras persisten restricciones a las operaciones humanitarias.<\/p>\n<p>Por tal raz\u00f3n, \u201csin una expansi\u00f3n sostenida y a gran escala de la asistencia alimentaria, para los medios de vida, la agricultura y la salud, junto con un aumento de la afluencia comercial, cientos de miles de personas podr\u00edan volver r\u00e1pidamente a la hambruna\u201d, alertan la FAO, el PMA, la OMS y Unicef.<\/p>\n<p>En el documento se afirma que esas organizaciones mundiales est\u00e1n preparadas para ampliar a\u00fan m\u00e1s sus respuestas, pero \u201cla presi\u00f3n causada por las restricciones a las importaciones, las limitaciones de acceso y las importantes deficiencias de financiaci\u00f3n obstaculizan gravemente su capacidad para operar a la escala necesaria\u201d.<\/p>\n<p>Estas limitaciones, impuestas por Israel, afectan las intervenciones que apoyan la seguridad alimentaria, la nutrici\u00f3n, la salud, el agua, el saneamiento y la higiene, la agricultura y la recuperaci\u00f3n de los medios de vida.<\/p>\n<p>En tal sentido, instan a Tel Aviv a garantizar el acceso humanitario y comercial sostenido, seguro, sin obst\u00e1culos y oportuno en Gaza, as\u00ed como a levantar las restricciones a las importaciones esenciales, incluyendo insumos agr\u00edcolas, productos alimenticios, suministros nutricionales y sanitarios.<\/p>\n<p>Rein Paulsen, director de la Oficina de Emergencias y Resiliencia de la FAO, reconoci\u00f3 que \u201cel alto el fuego abri\u00f3 una peque\u00f1a ventana para que los suministros agr\u00edcolas esenciales lleguen a las manos de agricultores vulnerables\u201d.<\/p>\n<p>Sin embargo, solo la financiaci\u00f3n, as\u00ed como un acceso ampliado y sostenido \u201cpermitir\u00e1n que la producci\u00f3n local de alimentos se reanude y se reduzca la dependencia de la ayuda externa\u201d, asever\u00f3 Paulsen.<\/p>\n<p>jha\/ort<\/p>\n<\/div>\n<\/div>\n","protected":false},"excerpt":{"rendered":"<p>Roma, dic (Prensa Latina) La Organizaci\u00f3n de las Naciones Unidas para la Alimentaci\u00f3n y la&hellip;<\/p>\n","protected":false},"author":2,"featured_media":76959,"comment_status":"closed","ping_status":"closed","sticky":false,"template":"","format":"standard","meta":{"footnotes":""},"categories":[52,53],"tags":[],"class_list":["post-76958","post","type-post","status-publish","format-standard","has-post-thumbnail","hentry","category-internacionales","category-prensa-latina"],"_links":{"self":[{"href":"https:\/\/eldiarioantillano.com\/uno\/wp-json\/wp\/v2\/posts\/76958","targetHints":{"allow":["GET"]}}],"collection":[{"href":"https:\/\/eldiarioantillano.com\/uno\/wp-json\/wp\/v2\/posts"}],"about":[{"href":"https:\/\/eldiarioantillano.com\/uno\/wp-json\/wp\/v2\/types\/post"}],"author":[{"embeddable":true,"href":"https:\/\/eldiarioantillano.com\/uno\/wp-json\/wp\/v2\/users\/2"}],"replies":[{"embeddable":true,"href":"https:\/\/eldiarioantillano.com\/uno\/wp-json\/wp\/v2\/comments?post=76958"}],"version-history":[{"count":1,"href":"https:\/\/eldiarioantillano.com\/uno\/wp-json\/wp\/v2\/posts\/76958\/revisions"}],"predecessor-version":[{"id":76960,"href":"https:\/\/eldiarioantillano.com\/uno\/wp-json\/wp\/v2\/posts\/76958\/revisions\/76960"}],"wp:featuredmedia":[{"embeddable":true,"href":"https:\/\/eldiarioantillano.com\/uno\/wp-json\/wp\/v2\/media\/76959"}],"wp:attachment":[{"href":"https:\/\/eldiarioantillano.com\/uno\/wp-json\/wp\/v2\/media?parent=76958"}],"wp:term":[{"taxonomy":"category","embeddable":true,"href":"https:\/\/eldiarioantillano.com\/uno\/wp-json\/wp\/v2\/categories?post=76958"},{"taxonomy":"post_tag","embeddable":true,"href":"https:\/\/eldiarioantillano.com\/uno\/wp-json\/wp\/v2\/tags?post=76958"}],"curies":[{"name":"wp","href":"https:\/\/api.w.org\/{rel}","templated":true}]}}