{"id":76906,"date":"2025-12-19T00:46:06","date_gmt":"2025-12-19T04:46:06","guid":{"rendered":"https:\/\/eldiarioantillano.com\/uno\/?p=76906"},"modified":"2025-12-19T00:46:06","modified_gmt":"2025-12-19T04:46:06","slug":"mexico-mantendra-posicion-de-apoyo-a-cuba-afirma-sheinbaum","status":"publish","type":"post","link":"https:\/\/eldiarioantillano.com\/uno\/2025\/12\/19\/mexico-mantendra-posicion-de-apoyo-a-cuba-afirma-sheinbaum\/","title":{"rendered":"M\u00e9xico mantendr\u00e1 posici\u00f3n de apoyo a Cuba, afirma Sheinbaum"},"content":{"rendered":"<div class=\"elementor-element elementor-element-5a38e61 e-flex e-con-boxed e-con e-child\" data-id=\"5a38e61\" data-element_type=\"container\">\n<div class=\"e-con-inner\">\n<div class=\"elementor-element elementor-element-d2a4feb elementor-widget elementor-widget-theme-post-excerpt\" data-id=\"d2a4feb\" data-element_type=\"widget\" data-widget_type=\"theme-post-excerpt.default\">\n<div class=\"elementor-widget-container\">Ciudad de M\u00e9xico, 18 dic (Prensa Latina) La presidenta Claudia Sheinbaum afirm\u00f3 hoy que la posici\u00f3n de M\u00e9xico con respecto a Cuba es soberana y se mantendr\u00e1, aunque resulte una diferencia con el gobierno de Estados Unidos, que impone a la isla un bloqueo econ\u00f3mico.<\/div>\n<\/div>\n<\/div>\n<\/div>\n<div class=\"e-con-inner\"><\/div>\n<div>\n<p>\u201cNuestra posici\u00f3n con relaci\u00f3n a Cuba se va a mantener, como se ha mantenido desde (el exmandatario Adolfo) L\u00f3pez Mateos\u201d, asever\u00f3 al recordar la existencia de una constante en el v\u00ednculo con la naci\u00f3n caribe\u00f1a durante gobiernos anteriores, sin importar la tendencia pol\u00edtica.<\/p>\n<p>La dignataria se\u00f1al\u00f3 que este ha sido un tema permanente en la relaci\u00f3n M\u00e9xico-Estados Unidos desde el triunfo de la Revoluci\u00f3n cubana en 1959 y refiri\u00f3 que el nexo con la isla \u201csiempre ha sido una diferencia\u201d entre las administraciones de los dos pa\u00edses vecinos.<\/p>\n<p>\u201cEntonces, no tiene por qu\u00e9 influir en las relaciones M\u00e9xico-Estados Unidos. Y nuestra posici\u00f3n es soberana, es una decisi\u00f3n soberana y tiene que ver mucho con el humanismo que representamos. Los pueblos no tienen por qu\u00e9 sufrir\u201d, dijo con relaci\u00f3n al bloqueo.<\/p>\n<p>La jefa del Ejecutivo subray\u00f3 que son los ciudadanos de la isla quienes sufren el cerco econ\u00f3mico, comercial y financiero impuesto por Washington durante m\u00e1s de seis d\u00e9cadas.<\/p>\n<p>De acuerdo con los m\u00e1s recientes datos, esa pol\u00edtica estadounidense contra el pa\u00eds antillano caus\u00f3 perjuicios estimados en siete mil 556,1 millones de d\u00f3lares entre marzo de 2024 y febrero \u00faltimo, un incremento del 49 por ciento frente al lapso anterior.<\/p>\n<p>Considerado el principal obst\u00e1culo al desarrollo de Cuba, solo en el sector de la salud el bloqueo dej\u00f3 p\u00e9rdidas de casi 300 millones de d\u00f3lares en un a\u00f1o, mientras el impacto en el \u00e1mbito energ\u00e9tico super\u00f3 los 496 millones debido a las restricciones para importar combustibles y piezas de repuesto.<\/p>\n<p>El pasado 29 de octubre, Cuba logr\u00f3 una nueva victoria en la Asamblea General de la Organizaci\u00f3n de Naciones Unidas al obtener 165 votos a favor de la resoluci\u00f3n que pide el fin de ese cerco.<\/p>\n<p>arc\/las<\/p>\n<\/div>\n","protected":false},"excerpt":{"rendered":"<p>Ciudad de M\u00e9xico, 18 dic (Prensa Latina) La presidenta Claudia Sheinbaum afirm\u00f3 hoy que la&hellip;<\/p>\n","protected":false},"author":2,"featured_media":70300,"comment_status":"closed","ping_status":"closed","sticky":false,"template":"","format":"standard","meta":{"footnotes":""},"categories":[52,53],"tags":[],"class_list":["post-76906","post","type-post","status-publish","format-standard","has-post-thumbnail","hentry","category-internacionales","category-prensa-latina"],"_links":{"self":[{"href":"https:\/\/eldiarioantillano.com\/uno\/wp-json\/wp\/v2\/posts\/76906","targetHints":{"allow":["GET"]}}],"collection":[{"href":"https:\/\/eldiarioantillano.com\/uno\/wp-json\/wp\/v2\/posts"}],"about":[{"href":"https:\/\/eldiarioantillano.com\/uno\/wp-json\/wp\/v2\/types\/post"}],"author":[{"embeddable":true,"href":"https:\/\/eldiarioantillano.com\/uno\/wp-json\/wp\/v2\/users\/2"}],"replies":[{"embeddable":true,"href":"https:\/\/eldiarioantillano.com\/uno\/wp-json\/wp\/v2\/comments?post=76906"}],"version-history":[{"count":1,"href":"https:\/\/eldiarioantillano.com\/uno\/wp-json\/wp\/v2\/posts\/76906\/revisions"}],"predecessor-version":[{"id":76907,"href":"https:\/\/eldiarioantillano.com\/uno\/wp-json\/wp\/v2\/posts\/76906\/revisions\/76907"}],"wp:featuredmedia":[{"embeddable":true,"href":"https:\/\/eldiarioantillano.com\/uno\/wp-json\/wp\/v2\/media\/70300"}],"wp:attachment":[{"href":"https:\/\/eldiarioantillano.com\/uno\/wp-json\/wp\/v2\/media?parent=76906"}],"wp:term":[{"taxonomy":"category","embeddable":true,"href":"https:\/\/eldiarioantillano.com\/uno\/wp-json\/wp\/v2\/categories?post=76906"},{"taxonomy":"post_tag","embeddable":true,"href":"https:\/\/eldiarioantillano.com\/uno\/wp-json\/wp\/v2\/tags?post=76906"}],"curies":[{"name":"wp","href":"https:\/\/api.w.org\/{rel}","templated":true}]}}