{"id":76900,"date":"2025-12-19T00:38:40","date_gmt":"2025-12-19T04:38:40","guid":{"rendered":"https:\/\/eldiarioantillano.com\/uno\/?p=76900"},"modified":"2025-12-19T00:41:25","modified_gmt":"2025-12-19T04:41:25","slug":"destacan-indignacion-del-pueblo-de-venezuela-por-declaracion-de-trump","status":"publish","type":"post","link":"https:\/\/eldiarioantillano.com\/uno\/2025\/12\/19\/destacan-indignacion-del-pueblo-de-venezuela-por-declaracion-de-trump\/","title":{"rendered":"Destacan indignaci\u00f3n del pueblo de Venezuela por declaraci\u00f3n de Trump"},"content":{"rendered":"<div class=\"elementor-element elementor-element-5a38e61 e-flex e-con-boxed e-con e-child\" data-id=\"5a38e61\" data-element_type=\"container\">\n<div class=\"e-con-inner\">\n<div class=\"elementor-element elementor-element-d2a4feb elementor-widget elementor-widget-theme-post-excerpt\" data-id=\"d2a4feb\" data-element_type=\"widget\" data-widget_type=\"theme-post-excerpt.default\">\n<div class=\"elementor-widget-container\">Caracas, 18 dic (Prensa Latina) El miembro del Bur\u00f3 Pol\u00edtico del Partido Socialista Unido de Venezuela (PSUV) Diosdado Cabello destac\u00f3 la indignaci\u00f3n del pueblo venezolano, tras lo que llam\u00f3 declaraci\u00f3n delirante del imperialismo estadounidense.<\/div>\n<\/div>\n<\/div>\n<\/div>\n<div class=\"e-con-inner\"><\/div>\n<div>\n<p>Durante su programa nocturno de los mi\u00e9rcoles Con el Mazo Dando, el secretario general del PSUV subray\u00f3 que la declaraci\u00f3n del presidente de Estados Unidos, Donald Trump, en la noche del martes, \u201cprovoc\u00f3 una indignaci\u00f3n de chavistas y no chavistas\u201d.<\/p>\n<p>De gente, dijo, que est\u00e1 asociada a empresas y de los que andan en la calle, de trabajadores p\u00fablicos y privados, de mujeres y hombres, de j\u00f3venes y mayores.<\/p>\n<p>Recalc\u00f3 que esa indignaci\u00f3n responde a la ofensiva que ellos, los estadounidenses, \u201chan venido acelerando desde hace 17 semanas y enfilaron los ca\u00f1ones hacia Venezuela, en una guerra y terrorismo psicol\u00f3gico contra el pueblo solo para robarse nuestro petr\u00f3leo, no es otra cosa\u201d, afirm\u00f3.<\/p>\n<p>El dirigente pol\u00edtico venezolano tild\u00f3 de aberrante los pronunciamientos del jefe de la Casa Blanca de querer apropiarse del petr\u00f3leo, activos y dem\u00e1s recursos naturales, con lo cual qued\u00f3 evidenciada la verdadera intenci\u00f3n del imperialismo de apoderarse de las riquezas de Venezuela.<\/p>\n<p>\u201c\u00bfQu\u00e9 Venezuela le est\u00e1 robando a Estados Unidos tierra? \u00bfQu\u00e9 Venezuela le est\u00e1 robando petr\u00f3leo y otros activos? \u00a1Por Dios! Revise la historia se\u00f1or presidente\u201d, manifest\u00f3 Cabello.<\/p>\n<p>A juicio del dirigente del PSUV, con las declaraciones de Trump qued\u00f3 claro que los ataques contra Venezuela no responden a razones como el Tren de Aragua, la democracia, la dictadura, el terrorismo o el Cartel de los Soles, sino al inter\u00e9s por las riquezas de la naci\u00f3n.<\/p>\n<p>El ministro para las Relaciones Interiores, Justicia y Paz reflexion\u00f3 que quien amenaza de esta forma al pueblo venezolano con querer llevarse su petr\u00f3leo \u201cno conoce al pueblo venezolano, ni una gota\u00bb.<\/p>\n<p>Asegur\u00f3 que \u00abni una gota saldr\u00e1 de aqu\u00ed si Estados Unidos agrede al pueblo de Venezuela, ni media gota, en ninguna circunstancia\u00bb, reafirm\u00f3.<\/p>\n<p>La v\u00edspera, la empresa estatal Petr\u00f3leos de Venezuela ratific\u00f3 su compromiso con la defensa de la soberan\u00eda energ\u00e9tica del pa\u00eds y continuar\u00e1 avanzando, junto al pueblo venezolano, en la senda de la recuperaci\u00f3n, el fortalecimiento y la defensa irrestricta de la industria petrolera nacional.<\/p>\n<p>En mensaje enviado a los trabajadores de ese sector, Cabello se\u00f1al\u00f3: \u201cni una gota compa\u00f1eros de la empresa petrolera, ni una gota, ni media gota por las malas, ustedes saben qu\u00e9 les estoy diciendo, que no que nada parado que permita sacar una gota de nuestro petr\u00f3leo porque ese recurso es de los venezolanos\u201d.<\/p>\n<p>npg\/jcd<\/p>\n<\/div>\n","protected":false},"excerpt":{"rendered":"<p>Caracas, 18 dic (Prensa Latina) El miembro del Bur\u00f3 Pol\u00edtico del Partido Socialista Unido de&hellip;<\/p>\n","protected":false},"author":2,"featured_media":76902,"comment_status":"closed","ping_status":"closed","sticky":false,"template":"","format":"standard","meta":{"footnotes":""},"categories":[52,53],"tags":[],"class_list":["post-76900","post","type-post","status-publish","format-standard","has-post-thumbnail","hentry","category-internacionales","category-prensa-latina"],"_links":{"self":[{"href":"https:\/\/eldiarioantillano.com\/uno\/wp-json\/wp\/v2\/posts\/76900","targetHints":{"allow":["GET"]}}],"collection":[{"href":"https:\/\/eldiarioantillano.com\/uno\/wp-json\/wp\/v2\/posts"}],"about":[{"href":"https:\/\/eldiarioantillano.com\/uno\/wp-json\/wp\/v2\/types\/post"}],"author":[{"embeddable":true,"href":"https:\/\/eldiarioantillano.com\/uno\/wp-json\/wp\/v2\/users\/2"}],"replies":[{"embeddable":true,"href":"https:\/\/eldiarioantillano.com\/uno\/wp-json\/wp\/v2\/comments?post=76900"}],"version-history":[{"count":3,"href":"https:\/\/eldiarioantillano.com\/uno\/wp-json\/wp\/v2\/posts\/76900\/revisions"}],"predecessor-version":[{"id":76905,"href":"https:\/\/eldiarioantillano.com\/uno\/wp-json\/wp\/v2\/posts\/76900\/revisions\/76905"}],"wp:featuredmedia":[{"embeddable":true,"href":"https:\/\/eldiarioantillano.com\/uno\/wp-json\/wp\/v2\/media\/76902"}],"wp:attachment":[{"href":"https:\/\/eldiarioantillano.com\/uno\/wp-json\/wp\/v2\/media?parent=76900"}],"wp:term":[{"taxonomy":"category","embeddable":true,"href":"https:\/\/eldiarioantillano.com\/uno\/wp-json\/wp\/v2\/categories?post=76900"},{"taxonomy":"post_tag","embeddable":true,"href":"https:\/\/eldiarioantillano.com\/uno\/wp-json\/wp\/v2\/tags?post=76900"}],"curies":[{"name":"wp","href":"https:\/\/api.w.org\/{rel}","templated":true}]}}