{"id":76672,"date":"2025-12-07T00:00:29","date_gmt":"2025-12-07T04:00:29","guid":{"rendered":"https:\/\/eldiarioantillano.com\/uno\/?p=76672"},"modified":"2025-12-06T23:50:46","modified_gmt":"2025-12-07T03:50:46","slug":"los-hombres-que-quieren-cambiar-a-los-hombres","status":"publish","type":"post","link":"https:\/\/eldiarioantillano.com\/uno\/2025\/12\/07\/los-hombres-que-quieren-cambiar-a-los-hombres\/","title":{"rendered":"Los hombres que quieren cambiar a los hombres"},"content":{"rendered":"<p style=\"text-align: left;\" align=\"right\"><span style=\"color: #000000;\"><span lang=\"es-ES\">Por ESTHER HERN\u00c1NDEZ MEDINA\u00a0<\/span><\/span><\/p>\n<p align=\"right\"><span style=\"color: #000000;\"><span lang=\"es-ES\"><i>En una sociedad machista no basta con no<br \/>\nser machista, <\/i><\/span><\/span><span style=\"color: #000000;\"><span lang=\"es-ES\"><i>hay que ser antimachista<\/i><\/span><\/span><span style=\"color: #000000;\"><span lang=\"es-ES\"><br \/>\nMiguel Lorente<\/span><\/span><\/p>\n<p><span style=\"color: #000000;\"><span lang=\"es-ES\">El Paraninfo Dr. Ricardo Michel de la Facultad de Ciencias Econ\u00f3micas y Sociales de la UASD es un lugar muy especial. Es un sal\u00f3n amplio y solemne donde caben cientos de personas y, sin embargo, siempre nos hace sentir en casa a quienes vamos. La Facultad es famosa por abrir sus puertas a eventos acad\u00e9micos y de reflexi\u00f3n y el mi\u00e9rcoles pasado lo hizo para la charla que organiz\u00f3 el movimiento feminista con el <\/span><\/span><span style=\"color: #467886;\"><u><a href=\"https:\/\/www.comares.com\/autor\/miguel-lorente-acosta\/\"><span style=\"color: #000000;\"><span lang=\"es-ES\">Dr. Miguel Lorente<\/span><\/span><\/a><\/u><\/span><span style=\"color: #000000;\"><span lang=\"es-ES\">. Lorente es un especialista espa\u00f1ol conocido a nivel mundial por sus aportes en la comprensi\u00f3n y la erradicaci\u00f3n de la violencia en contra de las mujeres. Esta era su segunda visita al pa\u00eds y ya hab\u00eda o\u00eddo de varias compa\u00f1eras feministas lo maravilloso que es. As\u00ed que estaba emocionada por poder finalmente verle en persona gracias a Syra Taveras Pineda, Graciela Morales y el resto del equipo de CIPAF que lo trajo para varias actividades a prop\u00f3sito del D\u00eda Internacional de la Eliminaci\u00f3n de la Violencia contra la Mujer que se conmemor\u00f3 el pasado <\/span><\/span><span style=\"color: #467886;\"><u><a href=\"https:\/\/acento.com.do\/opinion\/la-historia-del-25-de-noviembre-9277150.html\"><span style=\"color: #000000;\"><span lang=\"es-ES\">25 de noviembre<\/span><\/span><\/a><\/u><\/span><span style=\"color: #000000;\"><span lang=\"es-ES\">. <\/span><\/span><\/p>\n<p><span style=\"color: #000000;\"><span lang=\"es-ES\">Tuve tan buena suerte que me toc\u00f3 ser maestra de ceremonias del evento gracias a la invitaci\u00f3n de Virtudes de la Rosa, directora del Instituto de G\u00e9nero y Familia de la UASD, quien lo coorganiz\u00f3 junto con su equipo. Por eso, pude no solo conocer y conversar con Lorente, sino tambi\u00e9n ver en primera fila la magia de la que me hablaban mis amigas. Y ten\u00edan raz\u00f3n. Lorente es un ejemplo refrescante de los hombres que no solo se horrorizan con la barbaridad que representa la violencia basada en g\u00e9nero, sino que, adem\u00e1s, la entiende y nos quiere ayudar a erradicarla. Y erradicar, como \u00e9l mismo enfatiz\u00f3 en su charla, significa arrancar de ra\u00edz, no solo mitigar el problema. <\/span><\/span><\/p>\n<p><span style=\"color: #000000;\"><span lang=\"es-ES\">Con sus explicaciones sencillas, Miguel Lorente logra desmontar los mitos que todav\u00eda sostienen y justifican la violencia contra las mujeres. Por ejemplo, cuando uno de los muchos estudiantes varones que nos alegramos de ver en la actividad le pregunt\u00f3 que c\u00f3mo se hab\u00eda involucrado en el tema, Lorente le contest\u00f3 que lo hizo por sus experiencias como m\u00e9dico forense en Espa\u00f1a en los a\u00f1os 80. En ese trabajo empez\u00f3 a ver la diferencia en la forma en que las mujeres v\u00edctimas de la violencia basada en g\u00e9nero reaccionaban cuando conversaba con ellas en comparaci\u00f3n con las v\u00edctimas de otros cr\u00edmenes violentos. Mientras los hombres en cualquier ri\u00f1a le echaban la culpa al otro y quer\u00edan volver a pegarle, las mujeres le contaban resignadas que \u201cmi marido me golpea lo normal\u201d. Lejos de querer vengarse, las mujeres v\u00edctimas de violencia defend\u00edan a sus esposos y ve\u00edan la violencia que recib\u00edan como algo normal. <\/span><\/span><\/p>\n<p><span style=\"color: #000000;\"><span lang=\"es-ES\">Y esa normalidad es justamente la clave para entender y eliminar la violencia contra las mujeres. Como explic\u00f3 <\/span><\/span><span style=\"color: #467886;\"><u><a href=\"https:\/\/www.youtube.com\/watch?v=UN5v2NNyqNI&amp;t=8s\"><span style=\"color: #000000;\"><span lang=\"es-ES\">Lorente en su charla en la UASD<\/span><\/span><\/a><\/u><\/span><span style=\"color: #000000;\"><span lang=\"es-ES\">, esta violencia se apoya en el machismo que ve a las mujeres como inferiores a los hombres. Y <\/span><\/span><span style=\"color: #467886;\"><u><a href=\"https:\/\/www.youtube.com\/watch?v=KPooEwTfsaY\"><span style=\"color: #000000;\"><span lang=\"es-ES\">el machismo no es una conducta, sino una cultura<\/span><\/span><\/a><\/u><\/span><span style=\"color: #000000;\"><span lang=\"es-ES\"> que permea toda la sociedad, haciendo que tanto hombres como mujeres vean la desigualdad y la violencia que se usa para mantenerla como \u201cnormal\u201d. La buena noticia es que, precisamente, por ser una cultura, la podemos cambiar. En vez de apostar por lo que \u00e9l llama la \u201crefundaci\u00f3n del machismo\u201d en la que tantos hombres se creen v\u00edctimas de los avances de las mujeres, Lorente invita a los hombres a cambiar, d\u00e1ndose la oportunidad de experimentar sus sentimientos y el afecto que pueden dar y recibir. Y tambi\u00e9n invita a las instituciones p\u00fablicas a crear pol\u00edticas educativas para la igualdad porque \u201cel cambio individual es necesario pero insuficiente\u201d. <\/span><\/span><\/p>\n<p><span style=\"color: #000000;\"><span lang=\"es-ES\">Unos a\u00f1os antes hab\u00eda estado en una charla similar cuando el ex jugador de f\u00fatbol <\/span><\/span><span style=\"color: #467886;\"><u><a href=\"https:\/\/donmcpherson.com\/\"><span style=\"color: #000000;\"><span lang=\"es-ES\">Don McPherson<\/span><\/span><\/a><\/u><\/span><span style=\"color: #000000;\"><span lang=\"es-ES\"> visit\u00f3 Pomona College, la universidad en la que trabajo en California. A diferencia de lo que generalmente ocurre en las actividades sobre la violencia contra las mujeres, el p\u00fablico era mayoritariamente de hombres y, adem\u00e1s, hombres muy j\u00f3venes. Yo era una de las pocas mujeres y docentes presentes entre un mar de estudiantes, la mayor\u00eda atletas de los equipos deportivos masculinos de Pomona. <\/span><\/span><\/p>\n<p><span style=\"color: #000000;\"><span lang=\"es-ES\">A los pocos minutos de empezar a hablar, McPherson se meti\u00f3 al p\u00fablico en un bolsillo igual que Lorente hizo la semana pasada en la UASD. De hecho, recuerdo que me impresion\u00f3 por la forma en que empez\u00f3 la actividad. Utiliz\u00f3 una din\u00e1mica con la que nos llev\u00f3 a cuestionarnos por qu\u00e9 siempre se habla de las mujeres v\u00edctimas de la violencia, pero no de quienes la ejercen. \u201c\u00bfPor qu\u00e9 no lo decimos? Sabemos que m\u00e1s del 95%, o sea, casi todos los cr\u00edmenes de violencia contra las mujeres son cometidos por hombres. Si fuera cualquier otro fen\u00f3meno en que el 95% de algo se puede explicar por un solo factor, le prestar\u00edamos much\u00edsima atenci\u00f3n. \u00bfPor qu\u00e9 no lo hacemos con este tema?\u201d <\/span><\/span><\/p>\n<p><span style=\"color: #000000;\"><span lang=\"es-ES\">Y esa es la pregunta que se plantean los hombres como Lorente y como McPherson y que los ha convertido en aliados tan importantes en la lucha para erradicar la violencia contra las mujeres. Lorente, McPherson, Michael Kauffman (uno de los fundadores de la <\/span><\/span><span style=\"color: #467886;\"><u><a href=\"https:\/\/es.wikipedia.org\/wiki\/Campa%C3%B1a_del_Lazo_Blanco\"><span style=\"color: #000000;\"><span lang=\"es-ES\">campa\u00f1a del Lazo Blanco<\/span><\/span><\/a><\/u><\/span><span style=\"color: #000000;\"><span lang=\"es-ES\">) y otros han entendido que este tipo de violencia no se puede eliminar sin la participaci\u00f3n activa de los hombres. Hombres como Lorente, McPherson y Kauffman han dedicado a\u00f1os de su vida a mostrar a otros hombres que no es suficiente que las mujeres hayamos cambiado, tambi\u00e9n tienen que cambiar los hombres. En su trabajo con hombres j\u00f3venes y adultos les muestran que se puede ser hombre sin recurrir a la violencia.<\/span><\/span><\/p>\n<p><span style=\"color: #000000;\"><span lang=\"es-ES\">Adem\u00e1s, les muestran a los dem\u00e1s hombres que la lucha por la equidad de g\u00e9nero tambi\u00e9n les beneficia y esos beneficios son mayores para los ni\u00f1os y varones j\u00f3venes. Les da permiso para sentir todas las emociones (no solo la rabia), cultivar su inteligencia emocional y aprender a resolver los conflictos de forma pac\u00edfica. Y les abre un mundo m\u00e1s amplio de apoyo emocional (incluyendo sus amigos) que muchos hombres no se permiten. Documentales como \u201c<\/span><\/span><span style=\"color: #467886;\"><u><a href=\"https:\/\/therepproject.org\/films\/the-mask-you-live-in\/\"><span style=\"color: #000000;\"><span lang=\"es-ES\">The Mask You Live In<\/span><\/span><\/a><\/u><\/span><span style=\"color: #000000;\"><span lang=\"es-ES\">\u201d (La m\u00e1scara en la que vives) o publicidad como el <\/span><\/span><span style=\"color: #467886;\"><u><a href=\"https:\/\/www.youtube.com\/watch?v=UYaY2Kb_PKI\"><span style=\"color: #000000;\"><span lang=\"es-ES\">famoso anuncio de Gillette<\/span><\/span><\/a><\/u><\/span><span style=\"color: #000000;\"><span lang=\"es-ES\"> nos recuerdan que los ni\u00f1os y j\u00f3venes aprenden no solo de sus padres, sino tambi\u00e9n de los dem\u00e1s hombres adultos que ven a su alrededor. <\/span><\/span><\/p>\n<p><span style=\"color: #000000;\"><span lang=\"es-ES\">Y es que el modelo tan limitado y violento de masculinidad que tenemos como norma tambi\u00e9n afecta a los ni\u00f1os y j\u00f3venes. Cuando les ense\u00f1amos que \u201clos hombres no lloran\u201d o que no deben hablar de sus emociones o que mostrarse vulnerables es una debilidad, les condenamos a una vida mucho m\u00e1s solitaria y dif\u00edcil. Cuando les preguntamos \u201c\u00bfcu\u00e1ntas novias tienen?\u201d o cuando ponemos una mujer casi desnuda al lado de los productos que queremos vender, les hacemos creer que las mujeres son objetos para conquistar, no seres humanos fascinantes igual que ellos. <\/span><\/span><\/p>\n<p><span style=\"color: #000000;\"><span lang=\"es-ES\">Por suerte ya muchos hombres est\u00e1n rompiendo este modelo. Son los \u201c<\/span><\/span><span style=\"color: #467886;\"><u><a href=\"https:\/\/acento.com.do\/opinion\/los-varones-dulces-9287529.html\"><span style=\"color: #000000;\"><span lang=\"es-ES\">hombres dulces<\/span><\/span><\/a><\/u><\/span><span style=\"color: #000000;\"><span lang=\"es-ES\">\u201d de los que les he hablado antes en esta columna. Son los hombres que redescubrieron su dulzura al convertirse en padres o porque son los mejores defensores de sus amigas o porque el coraz\u00f3n les da un vuelco cuando ven a sus nietos y nietas. Tambi\u00e9n son como los hombres de todas las edades que asistieron a la <\/span><\/span><span style=\"color: #467886;\"><u><a href=\"https:\/\/www.instagram.com\/reel\/DRvGpzKD8An\/?utm_source=ig_web_copy_link&amp;igsh=MzRlODBiNWFlZA==\"><span lang=\"es-ES\">manifestaci\u00f3n del 25 de noviembre<\/span><\/a><\/u><\/span><span style=\"color: #000000;\"><span lang=\"es-ES\"> el domingo pasado. Incluso algunos de estos hombres se han hecho tendencia, como pasa con el actor estadounidense de origen chileno <\/span><\/span><span style=\"color: #467886;\"><u><a href=\"https:\/\/www.instagram.com\/reel\/DReleXIEQcI\/?utm_source=ig_web_copy_link&amp;igsh=MzRlODBiNWFlZA==\"><span style=\"color: #000000;\"><span lang=\"es-ES\">Pedro Pascal,<\/span><\/span><\/a><\/u><\/span><span style=\"color: #000000;\"><span lang=\"es-ES\"> como les dec\u00eda hace unos d\u00edas en las redes. Son hombres que respetan a las mujeres y defienden sus derechos, que no tienen miedo de mostrar ternura, incluso en sus amistades con otros hombres y que defienden a las personas m\u00e1s vulnerables, como ha hecho el mismo Pascal, defendiendo a las personas migrantes y LGTBQ+. <\/span><\/span><\/p>\n<p><span style=\"color: #000000;\"><span lang=\"es-ES\">Y lo interesante es que estos hombres dulces se han hecho tendencia precisamente porque esto es lo que muchas personas queremos ver en m\u00e1s hombres. Pero como nos recuerda Miguel Lorente, en una sociedad machista no es suficiente no ser machista. Hay que involucrarse y ense\u00f1ar a otros hombres a no serlo y ser antimachista. Y ustedes, queridos lectores, \u00bfaceptan el reto? Y ustedes, queridas lectoras, \u00bfcu\u00e1l de los hombres en su vida creen que lo puede aceptar? <\/span><\/span><\/p>\n","protected":false},"excerpt":{"rendered":"<p>Por ESTHER HERN\u00c1NDEZ MEDINA\u00a0 En una sociedad machista no basta con no ser machista, hay&hellip;<\/p>\n","protected":false},"author":2,"featured_media":66217,"comment_status":"closed","ping_status":"closed","sticky":false,"template":"","format":"standard","meta":{"footnotes":""},"categories":[70,55,51],"tags":[],"class_list":["post-76672","post","type-post","status-publish","format-standard","has-post-thumbnail","hentry","category-esther-hernandez-medina","category-nacionales","category-opinion"],"_links":{"self":[{"href":"https:\/\/eldiarioantillano.com\/uno\/wp-json\/wp\/v2\/posts\/76672","targetHints":{"allow":["GET"]}}],"collection":[{"href":"https:\/\/eldiarioantillano.com\/uno\/wp-json\/wp\/v2\/posts"}],"about":[{"href":"https:\/\/eldiarioantillano.com\/uno\/wp-json\/wp\/v2\/types\/post"}],"author":[{"embeddable":true,"href":"https:\/\/eldiarioantillano.com\/uno\/wp-json\/wp\/v2\/users\/2"}],"replies":[{"embeddable":true,"href":"https:\/\/eldiarioantillano.com\/uno\/wp-json\/wp\/v2\/comments?post=76672"}],"version-history":[{"count":1,"href":"https:\/\/eldiarioantillano.com\/uno\/wp-json\/wp\/v2\/posts\/76672\/revisions"}],"predecessor-version":[{"id":76673,"href":"https:\/\/eldiarioantillano.com\/uno\/wp-json\/wp\/v2\/posts\/76672\/revisions\/76673"}],"wp:featuredmedia":[{"embeddable":true,"href":"https:\/\/eldiarioantillano.com\/uno\/wp-json\/wp\/v2\/media\/66217"}],"wp:attachment":[{"href":"https:\/\/eldiarioantillano.com\/uno\/wp-json\/wp\/v2\/media?parent=76672"}],"wp:term":[{"taxonomy":"category","embeddable":true,"href":"https:\/\/eldiarioantillano.com\/uno\/wp-json\/wp\/v2\/categories?post=76672"},{"taxonomy":"post_tag","embeddable":true,"href":"https:\/\/eldiarioantillano.com\/uno\/wp-json\/wp\/v2\/tags?post=76672"}],"curies":[{"name":"wp","href":"https:\/\/api.w.org\/{rel}","templated":true}]}}