{"id":76403,"date":"2025-11-21T22:17:50","date_gmt":"2025-11-22T02:17:50","guid":{"rendered":"https:\/\/eldiarioantillano.com\/uno\/?p=76403"},"modified":"2025-11-21T22:17:50","modified_gmt":"2025-11-22T02:17:50","slug":"teatro-cucara-macara-se-presenta-en-jimani-ante-decenas-de-escolares","status":"publish","type":"post","link":"https:\/\/eldiarioantillano.com\/uno\/2025\/11\/21\/teatro-cucara-macara-se-presenta-en-jimani-ante-decenas-de-escolares\/","title":{"rendered":"Teatro C\u00facara M\u00e1cara se presenta en Jiman\u00ed ante decenas de escolares"},"content":{"rendered":"<p>El activista cultural Ch\u00edo Villalona, de Dajab\u00f3n, particip\u00f3 en la gira por la Frontera y aport\u00f3 este video.<\/p>\n","protected":false},"excerpt":{"rendered":"<p>El activista cultural Ch\u00edo Villalona, de Dajab\u00f3n, particip\u00f3 en la gira por la Frontera y&hellip;<\/p>\n","protected":false},"author":2,"featured_media":76399,"comment_status":"closed","ping_status":"closed","sticky":false,"template":"","format":"video","meta":{"footnotes":""},"categories":[63],"tags":[],"class_list":["post-76403","post","type-post","status-publish","format-video","has-post-thumbnail","hentry","category-cultura","post_format-post-format-video"],"_links":{"self":[{"href":"https:\/\/eldiarioantillano.com\/uno\/wp-json\/wp\/v2\/posts\/76403","targetHints":{"allow":["GET"]}}],"collection":[{"href":"https:\/\/eldiarioantillano.com\/uno\/wp-json\/wp\/v2\/posts"}],"about":[{"href":"https:\/\/eldiarioantillano.com\/uno\/wp-json\/wp\/v2\/types\/post"}],"author":[{"embeddable":true,"href":"https:\/\/eldiarioantillano.com\/uno\/wp-json\/wp\/v2\/users\/2"}],"replies":[{"embeddable":true,"href":"https:\/\/eldiarioantillano.com\/uno\/wp-json\/wp\/v2\/comments?post=76403"}],"version-history":[{"count":1,"href":"https:\/\/eldiarioantillano.com\/uno\/wp-json\/wp\/v2\/posts\/76403\/revisions"}],"predecessor-version":[{"id":76404,"href":"https:\/\/eldiarioantillano.com\/uno\/wp-json\/wp\/v2\/posts\/76403\/revisions\/76404"}],"wp:featuredmedia":[{"embeddable":true,"href":"https:\/\/eldiarioantillano.com\/uno\/wp-json\/wp\/v2\/media\/76399"}],"wp:attachment":[{"href":"https:\/\/eldiarioantillano.com\/uno\/wp-json\/wp\/v2\/media?parent=76403"}],"wp:term":[{"taxonomy":"category","embeddable":true,"href":"https:\/\/eldiarioantillano.com\/uno\/wp-json\/wp\/v2\/categories?post=76403"},{"taxonomy":"post_tag","embeddable":true,"href":"https:\/\/eldiarioantillano.com\/uno\/wp-json\/wp\/v2\/tags?post=76403"}],"curies":[{"name":"wp","href":"https:\/\/api.w.org\/{rel}","templated":true}]}}