{"id":76378,"date":"2025-11-20T00:59:54","date_gmt":"2025-11-20T04:59:54","guid":{"rendered":"https:\/\/eldiarioantillano.com\/uno\/?p=76378"},"modified":"2025-11-20T00:59:54","modified_gmt":"2025-11-20T04:59:54","slug":"la-cop30-mira-en-brasil-a-los-mas-vulnerables","status":"publish","type":"post","link":"https:\/\/eldiarioantillano.com\/uno\/2025\/11\/20\/la-cop30-mira-en-brasil-a-los-mas-vulnerables\/","title":{"rendered":"La COP30 mira en Brasil a los m\u00e1s vulnerables"},"content":{"rendered":"<div class=\"elementor-element elementor-element-5a38e61 e-flex e-con-boxed e-con e-child\" data-id=\"5a38e61\" data-element_type=\"container\">\n<div class=\"e-con-inner\">\n<div class=\"elementor-element elementor-element-d2a4feb elementor-widget elementor-widget-theme-post-excerpt\" data-id=\"d2a4feb\" data-element_type=\"widget\" data-widget_type=\"theme-post-excerpt.default\">\n<div class=\"elementor-widget-container\">Bel\u00e9m, Brasil, 19 nov (Prensa Latina) L\u00edderes impulsan hoy en la COP30 una agenda para transformar sistemas alimentarios, restaurar tierras y fortalecer la igualdad de g\u00e9nero, en un d\u00eda marcado por el regreso del presidente brasile\u00f1o, Luiz In\u00e1cio Lula da Silva.<\/div>\n<div>\n<p>La XXX Conferencia de Naciones Unidas sobre el Clima (COP30) dedica este mi\u00e9rcoles a un enfoque integrado que cruza comunidades afrodescendientes, pesca, turismo y seguridad alimentaria, con el prop\u00f3sito de mostrar c\u00f3mo los pa\u00edses buscan proteger a quienes viven en primera l\u00ednea de la crisis clim\u00e1tica.<\/p>\n<p>El retorno de Lula eleva la expectativa diplom\u00e1tica entre bloques negociadores a\u00fan trabados por la propuesta para avanzar hacia la eliminaci\u00f3n gradual de los combustibles f\u00f3siles.<\/p>\n<p>Desde temprano, mujeres de distintas regiones comparten testimonios que conectan sus territorios con soluciones que ya est\u00e1n moldeando respuestas a la emergencia clim\u00e1tica.<\/p>\n<p>Brasil acompa\u00f1a esas voces con la presentaci\u00f3n de avances del Protocolo Nacional para Mujeres y Ni\u00f1as en Emergencias Clim\u00e1ticas, considerado una pieza clave para consolidar una gobernanza m\u00e1s equitativa y con enfoque de g\u00e9nero.<\/p>\n<p>Un primer gran hito del d\u00eda surge en el Segmento Ministerial de Alto Nivel sobre Agricultura, en el que la degradaci\u00f3n de tierras ser\u00e1 presentada como uno de los desaf\u00edos m\u00e1s urgentes del planeta.<\/p>\n<p>En ese espacio se lanza la Iniciativa RAIZ, legado de la COP30 orientado a restaurar suelos agr\u00edcolas degradados e integrar pr\u00e1cticas sostenibles en los sistemas alimentarios globales.<\/p>\n<p>M\u00e1s del 30 por ciento de las tierras agr\u00edcolas del mundo muestran ya signos de degradaci\u00f3n, un dato que la conferencia utiliza para presionar por m\u00e1s financiamiento y cooperaci\u00f3n internacional.<\/p>\n<p>Los anuncios continuaron con nuevas alianzas. La Coalici\u00f3n para el Clima y el Aire Limpio presenta su Iniciativa Estrat\u00e9gica en Agricultura 2026\u20132028, que incorpora un renovado llamado a la acci\u00f3n sobre fertilizantes.<\/p>\n<p>El enfoque de g\u00e9nero regresa al centro de la agenda con el espacio \u00abIntegrando Mujeres en la Lucha Contra la Crisis Clim\u00e1tica\u00bb, en el que Brasil detalla los elementos centrales de su protocolo para impulsar la participaci\u00f3n femenina en emergencias y desastres clim\u00e1ticos.<\/p>\n<p>La jornada culminar\u00e1 con el Evento de Alto Nivel de la Acci\u00f3n Clim\u00e1tica Global, una sesi\u00f3n que aspira a exhibir resultados tangibles, reforzar la cooperaci\u00f3n y convocar esfuerzos colectivos para que el foro deje impactos medibles en las comunidades del mundo real.<\/p>\n<p>Muchos delegados coinciden en que el liderazgo pol\u00edtico de Lula podr\u00eda ser decisivo para determinar si la COP30 concluye con un acuerdo robusto o si las brechas persisten, pese a los llamados a construir un futuro m\u00e1s resiliente e inclusivo.<\/p>\n<p>mem\/ocs<\/p>\n<\/div>\n<\/div>\n<\/div>\n<\/div>\n<div class=\"elementor-element elementor-element-f5ec5bf e-flex e-con-boxed e-con e-child\" data-id=\"f5ec5bf\" data-element_type=\"container\">\n<div class=\"e-con-inner\"><\/div>\n<\/div>\n<div class=\"elementor-element elementor-element-80c8584 elementor-mobile-align-left elementor-widget elementor-widget-post-info\" data-id=\"80c8584\" data-element_type=\"widget\" data-widget_type=\"post-info.default\">\n<div class=\"elementor-widget-container\">\n<p>&nbsp;<\/p>\n<\/div>\n<\/div>\n","protected":false},"excerpt":{"rendered":"<p>Bel\u00e9m, Brasil, 19 nov (Prensa Latina) L\u00edderes impulsan hoy en la COP30 una agenda para&hellip;<\/p>\n","protected":false},"author":2,"featured_media":76379,"comment_status":"closed","ping_status":"closed","sticky":false,"template":"","format":"standard","meta":{"footnotes":""},"categories":[52,53],"tags":[],"class_list":["post-76378","post","type-post","status-publish","format-standard","has-post-thumbnail","hentry","category-internacionales","category-prensa-latina"],"_links":{"self":[{"href":"https:\/\/eldiarioantillano.com\/uno\/wp-json\/wp\/v2\/posts\/76378","targetHints":{"allow":["GET"]}}],"collection":[{"href":"https:\/\/eldiarioantillano.com\/uno\/wp-json\/wp\/v2\/posts"}],"about":[{"href":"https:\/\/eldiarioantillano.com\/uno\/wp-json\/wp\/v2\/types\/post"}],"author":[{"embeddable":true,"href":"https:\/\/eldiarioantillano.com\/uno\/wp-json\/wp\/v2\/users\/2"}],"replies":[{"embeddable":true,"href":"https:\/\/eldiarioantillano.com\/uno\/wp-json\/wp\/v2\/comments?post=76378"}],"version-history":[{"count":1,"href":"https:\/\/eldiarioantillano.com\/uno\/wp-json\/wp\/v2\/posts\/76378\/revisions"}],"predecessor-version":[{"id":76380,"href":"https:\/\/eldiarioantillano.com\/uno\/wp-json\/wp\/v2\/posts\/76378\/revisions\/76380"}],"wp:featuredmedia":[{"embeddable":true,"href":"https:\/\/eldiarioantillano.com\/uno\/wp-json\/wp\/v2\/media\/76379"}],"wp:attachment":[{"href":"https:\/\/eldiarioantillano.com\/uno\/wp-json\/wp\/v2\/media?parent=76378"}],"wp:term":[{"taxonomy":"category","embeddable":true,"href":"https:\/\/eldiarioantillano.com\/uno\/wp-json\/wp\/v2\/categories?post=76378"},{"taxonomy":"post_tag","embeddable":true,"href":"https:\/\/eldiarioantillano.com\/uno\/wp-json\/wp\/v2\/tags?post=76378"}],"curies":[{"name":"wp","href":"https:\/\/api.w.org\/{rel}","templated":true}]}}