{"id":76363,"date":"2025-11-19T00:08:09","date_gmt":"2025-11-19T04:08:09","guid":{"rendered":"https:\/\/eldiarioantillano.com\/uno\/?p=76363"},"modified":"2025-11-18T23:48:22","modified_gmt":"2025-11-19T03:48:22","slug":"la-envidia-entre-el-resentimiento-corrosivo-y-la-oportunidad-de-superacion","status":"publish","type":"post","link":"https:\/\/eldiarioantillano.com\/uno\/2025\/11\/19\/la-envidia-entre-el-resentimiento-corrosivo-y-la-oportunidad-de-superacion\/","title":{"rendered":"La envidia: entre el resentimiento corrosivo y la oportunidad de superaci\u00f3n"},"content":{"rendered":"<p>Por ROBERTO FURCAL<\/p>\n<article class=\"ms-sp--article\">\n<div class=\"entry-content\">\n<p>La envidia acompa\u00f1a a la humanidad desde sus or\u00edgenes. Arist\u00f3teles la defini\u00f3 como \u201cel dolor causado por la fortuna de otros\u201d, y desde entonces ha sido se\u00f1alada como una emoci\u00f3n que desgasta, divide y oscurece las relaciones humanas. Las religiones la incluyen entre los pecados capitales; la filosof\u00eda la describe como un vicio del alma; y la psicolog\u00eda moderna la estudia como el resultado de comparaciones sociales que, cuando se viven como injustas, deterioran la autoestima y contaminan el entorno.<\/p>\n<p>Sin embargo, no toda envidia es igual. La experiencia cotidiana ha incorporado una distinci\u00f3n popular que no carece de sabidur\u00eda: la famosa \u201cenvidia de la buena\u201d. Esa que surge al admirar logros ajenos y que, lejos de desear la ca\u00edda del otro, inspira a superarse. Esta diferenciaci\u00f3n expresa con sencillez lo que la investigaci\u00f3n contempor\u00e1nea describe como envidia benigna frente a envidia maliciosa (Peixoto et al., 2021; Lange &amp; Crusius, 2015). La primera estimula la emulaci\u00f3n sana; la segunda empuja al resentimiento, la descalificaci\u00f3n y, en ocasiones, al sabotaje.<\/p>\n<p>En la vida cotidiana, ambas formas se manifiestan con claridad. La envidia maliciosa suele aparecer cuando el ascenso de un compa\u00f1ero de trabajo genera rumores, campa\u00f1as de descr\u00e9dito o intentos de obstaculizar sus logros. Es la emoci\u00f3n que desea, en el fondo, que al otro le vaya mal. En cambio, existe tambi\u00e9n una envidia colectiva o \u201cde la buena\u201d, visible cuando una comunidad entera se anima ante el \u00e9xito de uno de los suyos: el barrio que celebra al joven que gana una beca internacional, la escuela que se enorgullece de su mejor estudiante o el pa\u00eds que reconoce a un atleta como s\u00edmbolo de posibilidad. En esos casos, el logro ajeno eleva, inspira y empuja a la superaci\u00f3n compartida.<\/p>\n<p><strong>La anatom\u00eda de la envidia<\/strong><\/p>\n<p>En su ra\u00edz, la envidia maliciosa combina deseo y resentimiento: quien envidia no solo quiere lo que otro tiene, sino que interpreta ese logro como una afrenta a su propia val\u00eda. Por eso duele, hiere y, si no se gestiona, se vuelve corrosiva.<\/p>\n<p>Sus manifestaciones m\u00e1s comunes son conocidas: minimizar los \u00e9xitos ajenos, sembrar rumores, desacreditar, restar m\u00e9rito o alegrarse de las p\u00e9rdidas del otro. En contextos sociales marcados por escasez y desigualdad, la envidia se convierte en una barrera poderosa contra la cooperaci\u00f3n, sustituyendo la solidaridad por sospecha y rivalidad.<\/p>\n<p>Las organizaciones tampoco escapan. Estudios recientes muestran que la envidia deteriora la cohesi\u00f3n, reduce la productividad e instaura climas de competencia desleal. Entre grupos profesionales, incluso en la academia, surgen los llamados \u201ccelos acad\u00e9micos\u201d, tensiones que erosionan la \u00e9tica y paralizan la creatividad.<\/p>\n<p><strong>Cuando la envidia se mezcla con otros defectos<\/strong><\/p>\n<p>Rara vez la envidia act\u00faa sola. La acompa\u00f1an otras fragilidades humanas:<\/p>\n<ul>\n<li>La incompetencia, que convierte los l\u00edmites propios en resentimiento.<\/li>\n<li>La avaricia, que alimenta un deseo insaciable y comparativo.<\/li>\n<li>La mediocridad, que lleva a despreciar lo que no se est\u00e1 dispuesto a construir.<\/li>\n<\/ul>\n<p>Juntas forman un c\u00edrculo vicioso: en vez de concentrarse en crecer, las personas envidiosas dedican energ\u00eda a vigilar, disminuir o impedir el crecimiento de otros. Y al hacerlo, se hunden m\u00e1s en su propia frustraci\u00f3n.<\/p>\n<p><strong>La oportunidad escondida: la \u201cenvidia de la buena\u201d<\/strong><\/p>\n<p>Aunque socialmente se perciba como un veneno moral, la envidia tambi\u00e9n puede ser un espejo revelador. Cuando en lugar de resentimiento produce admiraci\u00f3n, cuando en vez de hundir impulsa, aparece esa \u201cenvidia de la buena\u201d que tantos mencionan de forma coloquial sin saber que encierra un enorme potencial educativo, emocional y social.<\/p>\n<p><strong>Transformarla implica tres giros fundamentales:<\/strong><\/p>\n<ol>\n<li>Convertir la comparaci\u00f3n en inspiraci\u00f3n.<br \/>\nSi otro ha logrado algo valioso, es se\u00f1al de que es posible. La envidia se vuelve br\u00fajula, no arma.<\/li>\n<li>Cultivar la gratitud.<br \/>\nQuien agradece lo que tiene no mutila su energ\u00eda mirando lo ajeno.<\/li>\n<li>Fortalecer la autoconfianza.<\/li>\n<\/ol>\n<p>El \u00e9xito de otro no limita el propio; al contrario, puede iluminar caminos.<\/p>\n<p>Desde el liderazgo \u2014especialmente desde un liderazgo trascendente\u2014 la misi\u00f3n es doble: reconocer la envidia como emoci\u00f3n humana inevitable y, a la vez, canalizarla hacia la colaboraci\u00f3n, la excelencia y el crecimiento colectivo. Los l\u00edderes que cultivan ambientes de reconocimiento mutuo, transparencia y empat\u00eda reducen el terreno f\u00e9rtil donde la envidia maliciosa crece.<\/p>\n<p><strong>Conclusi\u00f3n<\/strong><\/p>\n<p>La envidia es una emoci\u00f3n universal, antigua y ambivalente. En su versi\u00f3n corrosiva destruye relaciones, contamina instituciones y alimenta rivalidades que fraccionan a las sociedades. Pero cuando se transforma en \u201cenvidia de la buena\u201d, puede convertirse en una energ\u00eda poderosa: un motor de aspiraci\u00f3n, gratitud y crecimiento personal y colectivo.<\/p>\n<p>La clave est\u00e1 en comprenderla, no en negarla. All\u00ed donde se promuevan culturas de reconocimiento, colaboraci\u00f3n y mentalidad de crecimiento, la envidia deja de ser un veneno silencioso para transformarse en una fuerza movilizadora. En ese tr\u00e1nsito \u2014del resentimiento a la admiraci\u00f3n, del celo al impulso, del dolor a la posibilidad\u2014 la envidia revela su otra cara: la capacidad humana de convertir emociones oscuras en oportunidades de elevarse.<\/p>\n<p>&nbsp;<\/p>\n<p>El autor es educador, consultor, activista social y pol\u00edtico; pasado ministro de Educaci\u00f3n y Fundador-CEO del Instituto del Futuro<\/p>\n<\/div>\n<\/article>\n<nav class=\"navigation post-navigation\">\n<div class=\"nav-links\">\n<div class=\"nav-previous\">\n<div class=\"prev-post\">\n<div class=\"ms-spp\">\n<h3 class=\"post-title\"><\/h3>\n<\/div>\n<\/div>\n<\/div>\n<\/div>\n<\/nav>\n","protected":false},"excerpt":{"rendered":"<p>Por ROBERTO FURCAL La envidia acompa\u00f1a a la humanidad desde sus or\u00edgenes. Arist\u00f3teles la defini\u00f3&hellip;<\/p>\n","protected":false},"author":2,"featured_media":76365,"comment_status":"closed","ping_status":"closed","sticky":false,"template":"","format":"standard","meta":{"footnotes":""},"categories":[51,174],"tags":[],"class_list":["post-76363","post","type-post","status-publish","format-standard","has-post-thumbnail","hentry","category-opinion","category-roberto-furcal"],"_links":{"self":[{"href":"https:\/\/eldiarioantillano.com\/uno\/wp-json\/wp\/v2\/posts\/76363","targetHints":{"allow":["GET"]}}],"collection":[{"href":"https:\/\/eldiarioantillano.com\/uno\/wp-json\/wp\/v2\/posts"}],"about":[{"href":"https:\/\/eldiarioantillano.com\/uno\/wp-json\/wp\/v2\/types\/post"}],"author":[{"embeddable":true,"href":"https:\/\/eldiarioantillano.com\/uno\/wp-json\/wp\/v2\/users\/2"}],"replies":[{"embeddable":true,"href":"https:\/\/eldiarioantillano.com\/uno\/wp-json\/wp\/v2\/comments?post=76363"}],"version-history":[{"count":2,"href":"https:\/\/eldiarioantillano.com\/uno\/wp-json\/wp\/v2\/posts\/76363\/revisions"}],"predecessor-version":[{"id":76368,"href":"https:\/\/eldiarioantillano.com\/uno\/wp-json\/wp\/v2\/posts\/76363\/revisions\/76368"}],"wp:featuredmedia":[{"embeddable":true,"href":"https:\/\/eldiarioantillano.com\/uno\/wp-json\/wp\/v2\/media\/76365"}],"wp:attachment":[{"href":"https:\/\/eldiarioantillano.com\/uno\/wp-json\/wp\/v2\/media?parent=76363"}],"wp:term":[{"taxonomy":"category","embeddable":true,"href":"https:\/\/eldiarioantillano.com\/uno\/wp-json\/wp\/v2\/categories?post=76363"},{"taxonomy":"post_tag","embeddable":true,"href":"https:\/\/eldiarioantillano.com\/uno\/wp-json\/wp\/v2\/tags?post=76363"}],"curies":[{"name":"wp","href":"https:\/\/api.w.org\/{rel}","templated":true}]}}