{"id":76243,"date":"2025-11-13T01:30:36","date_gmt":"2025-11-13T05:30:36","guid":{"rendered":"https:\/\/eldiarioantillano.com\/uno\/?p=76243"},"modified":"2025-11-13T01:30:36","modified_gmt":"2025-11-13T05:30:36","slug":"organizaciones-sociales-y-ambientales-exhortan-al-gobierno-cumplir-con-los-compromisos-del-cambio-climatico","status":"publish","type":"post","link":"https:\/\/eldiarioantillano.com\/uno\/2025\/11\/13\/organizaciones-sociales-y-ambientales-exhortan-al-gobierno-cumplir-con-los-compromisos-del-cambio-climatico\/","title":{"rendered":"Organizaciones sociales y ambientales exhortan al Gobierno cumplir con los compromisos del cambio clim\u00e1tico"},"content":{"rendered":"<p>Las organizaciones sociales y ambientales que acudieron en la tarde de este mi\u00e9rcoles al <strong>Foro Socioambiental Cambio Clim\u00e1tico 2025<\/strong><strong>,<\/strong> celebrado en esta ciudad de Santo Domingo, coincidieron en exhortar al Gobierno a que cumpla con las disposiciones legales y constitucionales, as\u00ed como con los compromisos internacionales sobre el cambio clim\u00e1tico.<\/p>\n<p>Igualmente, invitaron a las autoridades a acordar <strong>metas clim\u00e1ticas mucho m\u00e1s ambiciosas y efectivas<\/strong> que las establecidas hasta ahora, de modo que sea posible revertir la actual crisis clim\u00e1tica.<\/p>\n<p>Con motivo de la celebraci\u00f3n en Bel\u00e9m do Par\u00e1, Brasil, de la Cumbre Clim\u00e1tica <strong>COP30<\/strong> en este mes de noviembre, las organizaciones sociales y ambientales del pa\u00eds decidieron efectuar este evento para unificar criterios, fijar posici\u00f3n frente al desempe\u00f1o del Gobierno ante el cambio clim\u00e1tico y formular planteamientos que ser\u00e1n presentados a los delegados del c\u00f3nclave mundial.<\/p>\n<p>La apertura del Foro Socioambiental \u201cCambio Clim\u00e1tico 2025\u201d estuvo a cargo <strong>de <\/strong><strong>David Luther<\/strong><strong>,<\/strong> fundador y director ejecutivo del <strong>Instituto Dominicano de Desarrollo Integral (IDDI)<\/strong><strong>, <\/strong>entidad decana del desarrollo sostenible en la Rep\u00fablica Dominicana.<\/p>\n<p>La parte central del evento consisti\u00f3 en un panel que abord\u00f3 cuatro temas principales. La <strong>transici\u00f3n energ\u00e9tica justa y r\u00e1pida hacia energ\u00edas renovables<\/strong><strong> fue presentada por <\/strong><strong>Enrique de Le\u00f3n<\/strong><strong>,<\/strong> vocero del <strong>Comit\u00e9 Nacional de Lucha Contra el Cambio Clim\u00e1tico (CNLCC)<\/strong><strong>, <\/strong>mientras que <strong>Luis Carvajal<\/strong><strong>,<\/strong> coordinador de la <strong>Comisi\u00f3n Ambiental de la Universidad Aut\u00f3noma de Santo Domingo (UASD)<\/strong><strong>,<\/strong> expuso sobre la <strong>defensa de los recursos naturales, el medio ambiente y las \u00e1reas protegidas<\/strong><strong>.<\/strong><\/p>\n<p>Los otros dos temas del panel estuvieron a cargo de <strong>Heidy Lorenzo<\/strong><strong>, <\/strong>del <strong>Instituto de Abogados para la Protecci\u00f3n del Medio Ambiente (INSAPROMA)<\/strong><strong>,<\/strong> quien present\u00f3 la ponencia <strong>\u201cPuesta en pr\u00e1ctica de disposiciones constitucionales, legales y compromisos internacionales sobre el cambio clim\u00e1tico y la descarbonizaci\u00f3n, y su nivel de cumplimiento en la Rep\u00fablica Dominicana\u201d<\/strong><strong>, <\/strong>y de <strong>Luis Alejo Javier<\/strong><strong>, del <\/strong><strong>Instituto Dominicano de Desarrollo Integral (IDDI)<\/strong><strong>,<\/strong> quien expuso sobre el <strong>resguardo de la poblaci\u00f3n vulnerable ante los fen\u00f3menos extremos del cambio clim\u00e1tico<\/strong><strong>.<\/strong><\/p>\n<p>Los panelistas formularon diagn\u00f3sticos sint\u00e9ticos y numerosas recomendaciones relevantes en las \u00e1reas que les correspondi\u00f3 analizar y exponer.<\/p>\n<p>Concluido el panel, el conductor del evento, <strong>Sesar Rodr\u00edguez<\/strong>, director ejecutivo del <strong>Consorcio Ambiental Dominicano (CAD)<\/strong><strong>,<\/strong> ley\u00f3 el <strong>Manifiesto de la sociedad civil dominicana sobre el cambio clim\u00e1tico<\/strong><strong>,<\/strong> dirigido a la opini\u00f3n p\u00fablica nacional, a las autoridades y a la <strong>COP30<\/strong><strong>.<\/strong><\/p>\n<p>En este manifiesto se insta a las autoridades a aplicar <strong>pol\u00edticas p\u00fablicas que enfrenten de manera eficiente las causas y los efectos del cambio clim\u00e1tico<\/strong><strong>,<\/strong> que <strong>protejan a las poblaciones m\u00e1s vulnerables<\/strong> de los fen\u00f3menos extremos del clima y que <strong>incorporen en el presupuesto nacional<\/strong> estas pol\u00edticas y medidas.<\/p>\n<p>El manifiesto respalda la iniciativa de <strong>declarar a la Amazon\u00eda como zona de exclusi\u00f3n de combustibles f\u00f3siles<\/strong> y la puesta en pr\u00e1ctica de una <strong>moratoria que proh\u00edba la apertura de nuevos pozos de hidrocarburos en el Caribe, especialmente en aguas profundas<\/strong><strong>.<\/strong><\/p>\n<p>Asimismo, se suma a las voces de todo el mundo que reclaman que el <strong>Caribe y Am\u00e9rica Latina<\/strong> permanezcan como una <strong>regi\u00f3n de paz y vida, libre de armas at\u00f3micas<\/strong><strong>, y que exigen el <\/strong><strong>retiro inmediato de la armada de los Estados Unidos del Caribe<\/strong><strong>,<\/strong> as\u00ed como la <strong>condena a las ejecuciones extrajudiciales<\/strong> que est\u00e1 realizando el Gobierno de ese pa\u00eds contra supuestos o reales narcoterroristas en el Caribe y en el Pac\u00edfico, por ser contrarias a los derechos humanos y al derecho internacional.<\/p>\n<p>Durante aproximadamente media hora, las y los participantes del evento intervinieron para comentar las exposiciones y el manifiesto le\u00eddo, as\u00ed como para realizar nuevos aportes.<\/p>\n<p>&nbsp;<\/p>\n<p>&nbsp;<\/p>\n<p>&nbsp;<\/p>\n","protected":false},"excerpt":{"rendered":"<p>Las organizaciones sociales y ambientales que acudieron en la tarde de este mi\u00e9rcoles al Foro&hellip;<\/p>\n","protected":false},"author":2,"featured_media":66268,"comment_status":"closed","ping_status":"closed","sticky":false,"template":"","format":"standard","meta":{"footnotes":""},"categories":[55],"tags":[],"class_list":["post-76243","post","type-post","status-publish","format-standard","has-post-thumbnail","hentry","category-nacionales"],"_links":{"self":[{"href":"https:\/\/eldiarioantillano.com\/uno\/wp-json\/wp\/v2\/posts\/76243","targetHints":{"allow":["GET"]}}],"collection":[{"href":"https:\/\/eldiarioantillano.com\/uno\/wp-json\/wp\/v2\/posts"}],"about":[{"href":"https:\/\/eldiarioantillano.com\/uno\/wp-json\/wp\/v2\/types\/post"}],"author":[{"embeddable":true,"href":"https:\/\/eldiarioantillano.com\/uno\/wp-json\/wp\/v2\/users\/2"}],"replies":[{"embeddable":true,"href":"https:\/\/eldiarioantillano.com\/uno\/wp-json\/wp\/v2\/comments?post=76243"}],"version-history":[{"count":2,"href":"https:\/\/eldiarioantillano.com\/uno\/wp-json\/wp\/v2\/posts\/76243\/revisions"}],"predecessor-version":[{"id":76245,"href":"https:\/\/eldiarioantillano.com\/uno\/wp-json\/wp\/v2\/posts\/76243\/revisions\/76245"}],"wp:featuredmedia":[{"embeddable":true,"href":"https:\/\/eldiarioantillano.com\/uno\/wp-json\/wp\/v2\/media\/66268"}],"wp:attachment":[{"href":"https:\/\/eldiarioantillano.com\/uno\/wp-json\/wp\/v2\/media?parent=76243"}],"wp:term":[{"taxonomy":"category","embeddable":true,"href":"https:\/\/eldiarioantillano.com\/uno\/wp-json\/wp\/v2\/categories?post=76243"},{"taxonomy":"post_tag","embeddable":true,"href":"https:\/\/eldiarioantillano.com\/uno\/wp-json\/wp\/v2\/tags?post=76243"}],"curies":[{"name":"wp","href":"https:\/\/api.w.org\/{rel}","templated":true}]}}