{"id":76240,"date":"2025-11-13T01:14:06","date_gmt":"2025-11-13T05:14:06","guid":{"rendered":"https:\/\/eldiarioantillano.com\/uno\/?p=76240"},"modified":"2025-11-13T01:14:06","modified_gmt":"2025-11-13T05:14:06","slug":"queman-una-yipeta-de-dirigente-del-prm-en-montecristi","status":"publish","type":"post","link":"https:\/\/eldiarioantillano.com\/uno\/2025\/11\/13\/queman-una-yipeta-de-dirigente-del-prm-en-montecristi\/","title":{"rendered":"Queman una yipeta de dirigente del PRM en Montecristi"},"content":{"rendered":"<p>El propietario es el tambi\u00e9n empresario Pablo Acosta. Los bomberos acudieron al llamado de auxilio, pero el veh\u00edculo qued\u00f3 destruido por completo.<\/p>\n","protected":false},"excerpt":{"rendered":"<p>El propietario es el tambi\u00e9n empresario Pablo Acosta. Los bomberos acudieron al llamado de auxilio,&hellip;<\/p>\n","protected":false},"author":2,"featured_media":76241,"comment_status":"closed","ping_status":"closed","sticky":false,"template":"","format":"video","meta":{"footnotes":""},"categories":[57],"tags":[],"class_list":["post-76240","post","type-post","status-publish","format-video","has-post-thumbnail","hentry","category-montecristi","post_format-post-format-video"],"_links":{"self":[{"href":"https:\/\/eldiarioantillano.com\/uno\/wp-json\/wp\/v2\/posts\/76240","targetHints":{"allow":["GET"]}}],"collection":[{"href":"https:\/\/eldiarioantillano.com\/uno\/wp-json\/wp\/v2\/posts"}],"about":[{"href":"https:\/\/eldiarioantillano.com\/uno\/wp-json\/wp\/v2\/types\/post"}],"author":[{"embeddable":true,"href":"https:\/\/eldiarioantillano.com\/uno\/wp-json\/wp\/v2\/users\/2"}],"replies":[{"embeddable":true,"href":"https:\/\/eldiarioantillano.com\/uno\/wp-json\/wp\/v2\/comments?post=76240"}],"version-history":[{"count":1,"href":"https:\/\/eldiarioantillano.com\/uno\/wp-json\/wp\/v2\/posts\/76240\/revisions"}],"predecessor-version":[{"id":76242,"href":"https:\/\/eldiarioantillano.com\/uno\/wp-json\/wp\/v2\/posts\/76240\/revisions\/76242"}],"wp:featuredmedia":[{"embeddable":true,"href":"https:\/\/eldiarioantillano.com\/uno\/wp-json\/wp\/v2\/media\/76241"}],"wp:attachment":[{"href":"https:\/\/eldiarioantillano.com\/uno\/wp-json\/wp\/v2\/media?parent=76240"}],"wp:term":[{"taxonomy":"category","embeddable":true,"href":"https:\/\/eldiarioantillano.com\/uno\/wp-json\/wp\/v2\/categories?post=76240"},{"taxonomy":"post_tag","embeddable":true,"href":"https:\/\/eldiarioantillano.com\/uno\/wp-json\/wp\/v2\/tags?post=76240"}],"curies":[{"name":"wp","href":"https:\/\/api.w.org\/{rel}","templated":true}]}}