{"id":76024,"date":"2025-10-31T02:53:32","date_gmt":"2025-10-31T06:53:32","guid":{"rendered":"https:\/\/eldiarioantillano.com\/uno\/?p=76024"},"modified":"2025-10-31T02:53:32","modified_gmt":"2025-10-31T06:53:32","slug":"julito-fulcar-rinde-cuentas-en-un-multitudinario-acto-en-bani","status":"publish","type":"post","link":"https:\/\/eldiarioantillano.com\/uno\/2025\/10\/31\/julito-fulcar-rinde-cuentas-en-un-multitudinario-acto-en-bani\/","title":{"rendered":"Julito Fulcar rinde cuentas en un multitudinario acto en Ban\u00ed"},"content":{"rendered":"<div id=\":eg\" class=\"ii gt\">\n<div id=\":ie\" class=\"a3s aiL\">\n<div>\n<div dir=\"auto\">El senador destac\u00f3 de su primer a\u00f1o de gesti\u00f3n la elaboraci\u00f3n del Plan de Desarrollo Sostenible de la Provincia Peravia, con la participaci\u00f3n de representantes de diferentes sectores, quienes le acompa\u00f1aron en el acto realizado en el auditorio de la UASD en Ban\u00ed.<\/div>\n<div dir=\"auto\"><\/div>\n<div dir=\"auto\"><img fetchpriority=\"high\" decoding=\"async\" class=\"aligncenter size-full wp-image-76017\" src=\"https:\/\/eldiarioantillano.com\/uno\/wp-content\/uploads\/2025\/10\/IMG-20251030-WA0037.jpg\" alt=\"\" width=\"1101\" height=\"720\" srcset=\"https:\/\/eldiarioantillano.com\/uno\/wp-content\/uploads\/2025\/10\/IMG-20251030-WA0037.jpg 1101w, https:\/\/eldiarioantillano.com\/uno\/wp-content\/uploads\/2025\/10\/IMG-20251030-WA0037-300x196.jpg 300w, https:\/\/eldiarioantillano.com\/uno\/wp-content\/uploads\/2025\/10\/IMG-20251030-WA0037-1024x670.jpg 1024w, https:\/\/eldiarioantillano.com\/uno\/wp-content\/uploads\/2025\/10\/IMG-20251030-WA0037-768x502.jpg 768w, https:\/\/eldiarioantillano.com\/uno\/wp-content\/uploads\/2025\/10\/IMG-20251030-WA0037-585x383.jpg 585w\" sizes=\"(max-width: 1101px) 100vw, 1101px\" \/><\/div>\n<\/div>\n<div>\n<div id=\":e7\" class=\"ii gt\">\n<div id=\":dt\" class=\"a3s aiL\">\n<div>\n<div dir=\"auto\">El presidente del Senado, Ricardo de los Santos (derecha), acompa\u00f1\u00f3 a Julito Fulcar, junto a otras personalidades.<\/div>\n<div class=\"yj6qo\"><\/div>\n<div class=\"adL\"><\/div>\n<\/div>\n<\/div>\n<\/div>\n<div id=\":dx\" class=\"hq gt\"><\/div>\n<\/div>\n<div>\n<div class=\"adL\"><\/div>\n<\/div>\n<\/div>\n<\/div>\n<div id=\":eq\" class=\"hq gt\"><\/div>\n","protected":false},"excerpt":{"rendered":"<p>El senador destac\u00f3 de su primer a\u00f1o de gesti\u00f3n la elaboraci\u00f3n del Plan de Desarrollo&hellip;<\/p>\n","protected":false},"author":2,"featured_media":76016,"comment_status":"closed","ping_status":"closed","sticky":false,"template":"","format":"standard","meta":{"footnotes":""},"categories":[55],"tags":[],"class_list":["post-76024","post","type-post","status-publish","format-standard","has-post-thumbnail","hentry","category-nacionales"],"_links":{"self":[{"href":"https:\/\/eldiarioantillano.com\/uno\/wp-json\/wp\/v2\/posts\/76024","targetHints":{"allow":["GET"]}}],"collection":[{"href":"https:\/\/eldiarioantillano.com\/uno\/wp-json\/wp\/v2\/posts"}],"about":[{"href":"https:\/\/eldiarioantillano.com\/uno\/wp-json\/wp\/v2\/types\/post"}],"author":[{"embeddable":true,"href":"https:\/\/eldiarioantillano.com\/uno\/wp-json\/wp\/v2\/users\/2"}],"replies":[{"embeddable":true,"href":"https:\/\/eldiarioantillano.com\/uno\/wp-json\/wp\/v2\/comments?post=76024"}],"version-history":[{"count":1,"href":"https:\/\/eldiarioantillano.com\/uno\/wp-json\/wp\/v2\/posts\/76024\/revisions"}],"predecessor-version":[{"id":76025,"href":"https:\/\/eldiarioantillano.com\/uno\/wp-json\/wp\/v2\/posts\/76024\/revisions\/76025"}],"wp:featuredmedia":[{"embeddable":true,"href":"https:\/\/eldiarioantillano.com\/uno\/wp-json\/wp\/v2\/media\/76016"}],"wp:attachment":[{"href":"https:\/\/eldiarioantillano.com\/uno\/wp-json\/wp\/v2\/media?parent=76024"}],"wp:term":[{"taxonomy":"category","embeddable":true,"href":"https:\/\/eldiarioantillano.com\/uno\/wp-json\/wp\/v2\/categories?post=76024"},{"taxonomy":"post_tag","embeddable":true,"href":"https:\/\/eldiarioantillano.com\/uno\/wp-json\/wp\/v2\/tags?post=76024"}],"curies":[{"name":"wp","href":"https:\/\/api.w.org\/{rel}","templated":true}]}}