{"id":75976,"date":"2025-10-29T00:41:12","date_gmt":"2025-10-29T04:41:12","guid":{"rendered":"https:\/\/eldiarioantillano.com\/uno\/?p=75976"},"modified":"2025-10-29T00:41:12","modified_gmt":"2025-10-29T04:41:12","slug":"caricom-expresa-solidaridad-con-haiti-afectado-por-melissa","status":"publish","type":"post","link":"https:\/\/eldiarioantillano.com\/uno\/2025\/10\/29\/caricom-expresa-solidaridad-con-haiti-afectado-por-melissa\/","title":{"rendered":"Caricom expresa solidaridad con Hait\u00ed afectado por Melissa"},"content":{"rendered":"<p class=\"western\" lang=\"en-US\"><span style=\"font-family: Verdana, sans-serif;\"><span style=\"font-size: medium;\"><span lang=\"es-MX\">Puerto Pr\u00edncipe, (Prensa Latina) La Comunidad del Caribe (Caricom) expres\u00f3 su solidaridad con Hait\u00ed, naci\u00f3n que sinti\u00f3 las lluvias constantes, inundaciones y deslizamientos de tierra asociadas al hurac\u00e1n Melissa.<\/span><\/span><\/span><\/p>\n<p class=\"western\" lang=\"es-MX\"><span style=\"font-family: Verdana, sans-serif;\"><span style=\"font-size: medium;\">En un comunicado, la Caricom tambi\u00e9n manifest\u00f3 su preocupaci\u00f3n por Jamaica, Bahamas, Islas Caim\u00e1n e Islas Turcas y Caicos.<\/span><\/span><\/p>\n<p class=\"western\" lang=\"en-US\"><span style=\"font-family: Verdana, sans-serif;\"><span style=\"font-size: medium;\"><span lang=\"es-MX\">Este martes, la Direcci\u00f3n General de la Protecci\u00f3n Civil de Hait\u00ed inform\u00f3 que el hurac\u00e1n Melissa provoc\u00f3 la muerte de cuatro personas y lesiones a otras 16 en el sur de la naci\u00f3n caribe\u00f1a.<\/span><\/span><\/span><\/p>\n<p class=\"western\" lang=\"es-MX\" style=\"text-align: left;\" align=\"center\"><span style=\"font-family: Verdana, sans-serif;\"><span style=\"font-size: medium;\">Ante el deterioro de la situaci\u00f3n meteorol\u00f3gica, las autoridades haitianas activaron el Centro Nacional de Operaciones de Emergencias para responder a los efectos del fen\u00f3meno climatol\u00f3gico.<\/span><\/span><\/p>\n<p class=\"western\" lang=\"es-MX\"><span style=\"font-family: Verdana, sans-serif;\"><span style=\"font-size: medium;\">Paul Bien-Aim\u00e9, Ministro del Interior y Comunidades, explic\u00f3 que los departamentos de Sud y Grande Anse estaban en alerta roja, utilizada en tiempos de huracanes.<\/span><\/span><\/p>\n<p class=\"western\" lang=\"es-MX\"><span style=\"font-family: Verdana, sans-serif;\"><span style=\"font-size: medium;\">En tanto, en el Sureste, Nippes, Oeste y Bajo Artibonite se manten\u00edan en alerta naranja por fuertes lluvias.<\/span><\/span><\/p>\n<p class=\"western\" lang=\"es-MX\"><span style=\"font-family: Verdana, sans-serif;\"><span style=\"font-size: medium;\">De un total de 350 refugios abiertos en los departamentos del Gran Sur, unos 40 acogieron a m\u00e1s de 900 familias, tres mil 653 personas, precis\u00f3 el diario digital Hait\u00ed Libre.<\/span><\/span><\/p>\n<p class=\"western\" lang=\"en-US\"><span style=\"font-family: Verdana, sans-serif;\"><span style=\"font-size: medium;\">jha\/joe<\/span><\/span><\/p>\n<p class=\"western\" lang=\"es-MX\">\n","protected":false},"excerpt":{"rendered":"<p>Puerto Pr\u00edncipe, (Prensa Latina) La Comunidad del Caribe (Caricom) expres\u00f3 su solidaridad con Hait\u00ed, naci\u00f3n&hellip;<\/p>\n","protected":false},"author":2,"featured_media":64272,"comment_status":"closed","ping_status":"closed","sticky":false,"template":"","format":"standard","meta":{"footnotes":""},"categories":[52,53],"tags":[],"class_list":["post-75976","post","type-post","status-publish","format-standard","has-post-thumbnail","hentry","category-internacionales","category-prensa-latina"],"_links":{"self":[{"href":"https:\/\/eldiarioantillano.com\/uno\/wp-json\/wp\/v2\/posts\/75976","targetHints":{"allow":["GET"]}}],"collection":[{"href":"https:\/\/eldiarioantillano.com\/uno\/wp-json\/wp\/v2\/posts"}],"about":[{"href":"https:\/\/eldiarioantillano.com\/uno\/wp-json\/wp\/v2\/types\/post"}],"author":[{"embeddable":true,"href":"https:\/\/eldiarioantillano.com\/uno\/wp-json\/wp\/v2\/users\/2"}],"replies":[{"embeddable":true,"href":"https:\/\/eldiarioantillano.com\/uno\/wp-json\/wp\/v2\/comments?post=75976"}],"version-history":[{"count":1,"href":"https:\/\/eldiarioantillano.com\/uno\/wp-json\/wp\/v2\/posts\/75976\/revisions"}],"predecessor-version":[{"id":75977,"href":"https:\/\/eldiarioantillano.com\/uno\/wp-json\/wp\/v2\/posts\/75976\/revisions\/75977"}],"wp:featuredmedia":[{"embeddable":true,"href":"https:\/\/eldiarioantillano.com\/uno\/wp-json\/wp\/v2\/media\/64272"}],"wp:attachment":[{"href":"https:\/\/eldiarioantillano.com\/uno\/wp-json\/wp\/v2\/media?parent=75976"}],"wp:term":[{"taxonomy":"category","embeddable":true,"href":"https:\/\/eldiarioantillano.com\/uno\/wp-json\/wp\/v2\/categories?post=75976"},{"taxonomy":"post_tag","embeddable":true,"href":"https:\/\/eldiarioantillano.com\/uno\/wp-json\/wp\/v2\/tags?post=75976"}],"curies":[{"name":"wp","href":"https:\/\/api.w.org\/{rel}","templated":true}]}}