{"id":75842,"date":"2025-10-24T01:28:30","date_gmt":"2025-10-24T05:28:30","guid":{"rendered":"https:\/\/eldiarioantillano.com\/uno\/?p=75842"},"modified":"2025-10-24T01:28:30","modified_gmt":"2025-10-24T05:28:30","slug":"se-cumplen-63-anos-de-la-crisis-de-los-misiles-nucleares","status":"publish","type":"post","link":"https:\/\/eldiarioantillano.com\/uno\/2025\/10\/24\/se-cumplen-63-anos-de-la-crisis-de-los-misiles-nucleares\/","title":{"rendered":"Se cumplen 63 a\u00f1os de la crisis de los misiles nucleares\u00a0"},"content":{"rendered":"<div>\n<div><\/div>\n<div><strong>(Instituto Schiller).-\u00a0<\/strong>Hace 63 a\u00f1os en Estados Unidos, a las 7:00 PM, el 22 de octubre de 1962, el presidente John. F. Kennedy transmiti\u00f3 este mensaje de emergencia a los estadounidenses: \u00abSer\u00e1 la pol\u00edtica de esta naci\u00f3n considerar cualquier lanzamiento de un misil nuclear desde Cuba en contra de cualquier naci\u00f3n del Hemisferio Occidental como un ataque de la Uni\u00f3n Sovi\u00e9tica contra Estados Unidos, lo que requerir\u00e1 una respuesta de represalia total a la Uni\u00f3n Sovi\u00e9tica\u00bb.<\/div>\n<div><\/div>\n<div>Luego de los 18 minutos que dur\u00f3 el discurso del presidente esa noche, el mundo se\u00a0\u00a0transform\u00f3. La humanidad se encontraba m\u00e1s cerca que nunca antes de una guerra termonuclear global, y por lo tanto, m\u00e1s cerca de su extinci\u00f3n potencial, hasta el oto\u00f1o del a\u00f1o pasado.<\/div>\n<div><\/div>\n<div>El 25 de diciembre de 2024, el ministro de Asuntos Exteriores de Rusia, Sergei Lavrov, dijo: \u00abRecientemente, generales del Pent\u00e1gono han deliberado abiertamente sobre la posibilidad de un intercambio de &#8216;ataques nucleares limitados&#8217; con la Federaci\u00f3n Rusa, con la intenci\u00f3n de asegurarse de salir victoriosos de tal &#8216;intercambio'\u00bb.<\/div>\n<div><\/div>\n<div>Cuando el gobierno de Biden autoriz\u00f3\u00a0a Ucrania\u00a0y habilit\u00f3 el despliegue\u00a0de misiles de largo alcance contra Rusia, y Rusia, como respuesta, de manera exitosa despleg\u00f3 en noviembre del 2024 su nuevo y hasta ahora imposible de detener misil\u00a0Oreshnik\u00a0(sin las\u00a0ojivas nucleares\u00a0que tiene la capacidad de llevar)\u00a0en contra de Ucrania, el mundo estuvo un paso m\u00e1s all\u00e1 de lo que Kennedy meramente hab\u00eda enunciado en la llamada Crisis de los Misiles en Cuba de octubre de 1962.<\/div>\n<div>Sin embargo, la semana pasada, se dio a conocer un hallazgo sorprendente referente a 1963 surgido de un archivo sobre el asesinato del presidente Kennedy que el gobierno de Rusia acaba de poner a disposici\u00f3n de Estados Unidos. Ese archivo reci\u00e9n publicado contiene un mapa hecho a mano que describe una propuesta para construir un proyecto al que le dan el nombre de \u00abPuente de Paz Kruschev-Kennedy\u00bb.<\/div>\n<div><\/div>\n<div>En el mapa, escrito en ingl\u00e9s, y en letras grandes, se puede leer esto: \u201cEl Puente de Paz Kruschev-Kennedy \u2013 puede y debe construirse entre Alaska y Rusia. En seguida\u00bb. El \u00e9nfasis aparece en el mapa original.<\/div>\n<div>El Instituto Schiller, como parte de su trabajo en los \u00faltimos 35 a\u00f1os, ha circulado ampliamente el Proyecto del T\u00fanel en el Estrecho de Bering, en forma ilustrada. Por tres a\u00f1os, desde que escal\u00f3 la guerra entre la OTAN y Rusia en Ucrania\u00a0en 2022, ha sido el papel singular de la Coalici\u00f3n Internacional por la Paz (CIP), y de The LaRouche Organization (La Organizaci\u00f3n LaRouche), insistir repetidamente que \u00abla paz mediante el desarrollo\u00bb es el \u00fanico camino\u00a0para\u00a0poner fin a la guerra de manera duradera, o incluso\u00a0para\u00a0proponer una paz duradera.<\/div>\n<div><\/div>\n<div>Ayer (mi\u00e9rcoles 22 de octubre), expertos rusos, estadounidenses y otros, en lo que a menudo se da por llamar \u00abel Proyecto del T\u00fanel en el Estrecho de Bering\u00bb, se reunieron en un simposio por internet, patrocinado y organizado en un breve per\u00edodo de tiempo por la\u00a0<em>Executive Intelligence Review (EIR)<\/em>, la revista fundada por el economista y estadista Lyndon LaRouche (1922-2019); y discutieron ese proyecto.<\/div>\n<div><\/div>\n<\/div>\n<div>Foto por Cecil Stoughton<\/div>\n<div class=\"adL\"><\/div>\n","protected":false},"excerpt":{"rendered":"<p>(Instituto Schiller).-\u00a0Hace 63 a\u00f1os en Estados Unidos, a las 7:00 PM, el 22 de octubre&hellip;<\/p>\n","protected":false},"author":2,"featured_media":75844,"comment_status":"closed","ping_status":"closed","sticky":false,"template":"","format":"standard","meta":{"footnotes":""},"categories":[52],"tags":[],"class_list":["post-75842","post","type-post","status-publish","format-standard","has-post-thumbnail","hentry","category-internacionales"],"_links":{"self":[{"href":"https:\/\/eldiarioantillano.com\/uno\/wp-json\/wp\/v2\/posts\/75842","targetHints":{"allow":["GET"]}}],"collection":[{"href":"https:\/\/eldiarioantillano.com\/uno\/wp-json\/wp\/v2\/posts"}],"about":[{"href":"https:\/\/eldiarioantillano.com\/uno\/wp-json\/wp\/v2\/types\/post"}],"author":[{"embeddable":true,"href":"https:\/\/eldiarioantillano.com\/uno\/wp-json\/wp\/v2\/users\/2"}],"replies":[{"embeddable":true,"href":"https:\/\/eldiarioantillano.com\/uno\/wp-json\/wp\/v2\/comments?post=75842"}],"version-history":[{"count":1,"href":"https:\/\/eldiarioantillano.com\/uno\/wp-json\/wp\/v2\/posts\/75842\/revisions"}],"predecessor-version":[{"id":75851,"href":"https:\/\/eldiarioantillano.com\/uno\/wp-json\/wp\/v2\/posts\/75842\/revisions\/75851"}],"wp:featuredmedia":[{"embeddable":true,"href":"https:\/\/eldiarioantillano.com\/uno\/wp-json\/wp\/v2\/media\/75844"}],"wp:attachment":[{"href":"https:\/\/eldiarioantillano.com\/uno\/wp-json\/wp\/v2\/media?parent=75842"}],"wp:term":[{"taxonomy":"category","embeddable":true,"href":"https:\/\/eldiarioantillano.com\/uno\/wp-json\/wp\/v2\/categories?post=75842"},{"taxonomy":"post_tag","embeddable":true,"href":"https:\/\/eldiarioantillano.com\/uno\/wp-json\/wp\/v2\/tags?post=75842"}],"curies":[{"name":"wp","href":"https:\/\/api.w.org\/{rel}","templated":true}]}}