{"id":75776,"date":"2025-10-21T00:00:44","date_gmt":"2025-10-21T04:00:44","guid":{"rendered":"https:\/\/eldiarioantillano.com\/uno\/?p=75776"},"modified":"2025-10-20T21:57:55","modified_gmt":"2025-10-21T01:57:55","slug":"fotorreportaje-v-congreso-dominicano-de-sociologia","status":"publish","type":"post","link":"https:\/\/eldiarioantillano.com\/uno\/2025\/10\/21\/fotorreportaje-v-congreso-dominicano-de-sociologia\/","title":{"rendered":"FOTORREPORTAJE: V Congreso Dominicano de Sociolog\u00eda"},"content":{"rendered":"<p>Este lunes 20 inici\u00f3 el V Congreso Dominicano de Sociolog\u00eda en la Facultad de Ciencias Econ\u00f3micas y Sociales de la Universidad Aut\u00f3noma de Santo Domingo.<\/p>\n<p><iframe title=\"C\u00e9sar P\u00e9rez participa en V Congreso Dominicano de Sociolog\u00eda\" width=\"1170\" height=\"878\" src=\"https:\/\/www.youtube.com\/embed\/u3Uok7dbJTw?feature=oembed\" frameborder=\"0\" allow=\"accelerometer; autoplay; clipboard-write; encrypted-media; gyroscope; picture-in-picture; web-share\" referrerpolicy=\"strict-origin-when-cross-origin\" allowfullscreen><\/iframe><\/p>\n<p><iframe title=\"Esther Hern\u00e1ndez Medina durante el V Congreso Dominicano de Sociolog\u00eda\" width=\"1170\" height=\"878\" src=\"https:\/\/www.youtube.com\/embed\/NCanLVzkT88?feature=oembed\" frameborder=\"0\" allow=\"accelerometer; autoplay; clipboard-write; encrypted-media; gyroscope; picture-in-picture; web-share\" referrerpolicy=\"strict-origin-when-cross-origin\" allowfullscreen><\/iframe><\/p>\n<p>&nbsp;<\/p>\n<p>&nbsp;<\/p>\n<p>&nbsp;<\/p>\n<p>&nbsp;<\/p>\n","protected":false},"excerpt":{"rendered":"<p>Este lunes 20 inici\u00f3 el V Congreso Dominicano de Sociolog\u00eda en la Facultad de Ciencias&hellip;<\/p>\n","protected":false},"author":2,"featured_media":75790,"comment_status":"closed","ping_status":"closed","sticky":false,"template":"","format":"gallery","meta":{"footnotes":""},"categories":[55],"tags":[],"class_list":["post-75776","post","type-post","status-publish","format-gallery","has-post-thumbnail","hentry","category-nacionales","post_format-post-format-gallery"],"_links":{"self":[{"href":"https:\/\/eldiarioantillano.com\/uno\/wp-json\/wp\/v2\/posts\/75776","targetHints":{"allow":["GET"]}}],"collection":[{"href":"https:\/\/eldiarioantillano.com\/uno\/wp-json\/wp\/v2\/posts"}],"about":[{"href":"https:\/\/eldiarioantillano.com\/uno\/wp-json\/wp\/v2\/types\/post"}],"author":[{"embeddable":true,"href":"https:\/\/eldiarioantillano.com\/uno\/wp-json\/wp\/v2\/users\/2"}],"replies":[{"embeddable":true,"href":"https:\/\/eldiarioantillano.com\/uno\/wp-json\/wp\/v2\/comments?post=75776"}],"version-history":[{"count":1,"href":"https:\/\/eldiarioantillano.com\/uno\/wp-json\/wp\/v2\/posts\/75776\/revisions"}],"predecessor-version":[{"id":75796,"href":"https:\/\/eldiarioantillano.com\/uno\/wp-json\/wp\/v2\/posts\/75776\/revisions\/75796"}],"wp:featuredmedia":[{"embeddable":true,"href":"https:\/\/eldiarioantillano.com\/uno\/wp-json\/wp\/v2\/media\/75790"}],"wp:attachment":[{"href":"https:\/\/eldiarioantillano.com\/uno\/wp-json\/wp\/v2\/media?parent=75776"}],"wp:term":[{"taxonomy":"category","embeddable":true,"href":"https:\/\/eldiarioantillano.com\/uno\/wp-json\/wp\/v2\/categories?post=75776"},{"taxonomy":"post_tag","embeddable":true,"href":"https:\/\/eldiarioantillano.com\/uno\/wp-json\/wp\/v2\/tags?post=75776"}],"curies":[{"name":"wp","href":"https:\/\/api.w.org\/{rel}","templated":true}]}}