{"id":75713,"date":"2025-10-19T01:44:01","date_gmt":"2025-10-19T05:44:01","guid":{"rendered":"https:\/\/eldiarioantillano.com\/uno\/?p=75713"},"modified":"2025-10-19T01:44:16","modified_gmt":"2025-10-19T05:44:16","slug":"presidente-de-colombia-pidio-a-ee-uu-respetar-derechos-humanos","status":"publish","type":"post","link":"https:\/\/eldiarioantillano.com\/uno\/2025\/10\/19\/presidente-de-colombia-pidio-a-ee-uu-respetar-derechos-humanos\/","title":{"rendered":"Presidente de Colombia pidi\u00f3 a EE. UU. respetar derechos humanos"},"content":{"rendered":"<div class=\"elementor-element elementor-element-5a38e61 e-flex e-con-boxed e-con e-child\" data-id=\"5a38e61\" data-element_type=\"container\">\n<div class=\"e-con-inner\">\n<div class=\"elementor-element elementor-element-d2a4feb elementor-widget elementor-widget-theme-post-excerpt\" data-id=\"d2a4feb\" data-element_type=\"widget\" data-widget_type=\"theme-post-excerpt.default\">\n<div class=\"elementor-widget-container\">Bogot\u00e1, Prensa Latina) El presidente de Colombia, Gustavo Petro, pidi\u00f3 a Estados Unidos que respetara una resoluci\u00f3n referente a la pol\u00edtica sobre las drogas aprobada en la Comisi\u00f3n de Derechos Humanos de las Naciones Unidas que fue promovida por su pa\u00eds.<\/div>\n<div><\/div>\n<p class=\"elementor-widget-container\">En su cuenta de la red social X, el mandatario asegur\u00f3 que el documento se\u00f1ala que el combate contra el estupefaciente debe, ante todo, respetar las garant\u00edas fundamentales que son inherentes a la dignidad humana.<\/p>\n<\/div>\n<\/div>\n<\/div>\n<div class=\"elementor-element elementor-element-0aea3a0 elementor-widget elementor-widget-theme-post-content\" data-id=\"0aea3a0\" data-element_type=\"widget\" data-widget_type=\"theme-post-content.default\">\n<div class=\"elementor-widget-container\">\n<p>\u201cColombia logr\u00f3 aprobar en la Comisi\u00f3n de Derechos Humanos de las Naciones Unidas, a la que Estados Unidos no pertenece, una resoluci\u00f3n que s\u00ed vincula a todas las naciones americanas. Esta resoluci\u00f3n dice que la pol\u00edtica sobre las drogas se subordina a los derechos humanos. En el Caribe estamos observando lo contrario\u201d, afirm\u00f3 el gobernante.<\/p>\n<p>Pidi\u00f3 entonces al gobierno norte\u00f1o respetar la referida normativa, y se hizo eco de una noticia en la que se lee que m\u00e1s de 100 organizaciones de la sociedad civil estadounidenses e internacionales enviaron una carta al Congreso solicitando que se investiguen formalmente los ataques militares letales realizados en el Sur del Caribe.<\/p>\n<p>Desde hace varias semanas, el jefe de Estado colombiano advierte sobre las graves violaciones que suponen los bombardeos y las ejecuciones extrajudiciales de Estados Unidos en la regi\u00f3n caribe\u00f1a.<\/p>\n<p>M\u00e1s temprano durante esta jornada calific\u00f3 como un acto de responsabilidad humana la renuncia del jefe del Comando Sur de Estados Unidos, almirante Alvin Holsey, quien estuvo a cargo de las operaciones militares en el Caribe cerca de Venezuela.<\/p>\n<p>\u201cNo apuntar las armas contra la injusticia, no ser objeto del crimen de guerra es el mayor deber de un soldado\u201d, se\u00f1al\u00f3 sobre la decisi\u00f3n del militar.<\/p>\n<p>Petro alert\u00f3 adem\u00e1s sobre los perjuicios que el despliegue guerrerista de Washington acarrea para quienes obtienen sus recursos financieros de las actividades mar\u00edtimas.<\/p>\n<p>\u201cEl Caribe es un mar lleno de pescadores. Para muchas familias el sustento es la pesca y para muchos pescadores el mar da miedo porque puede caer un misil\u201d, advirti\u00f3.<\/p>\n<p>Tambi\u00e9n hace unas horas asegur\u00f3 que colombianos y trinitarios \u201chan muerto bajo los misiles de Trump\u201d.<\/p>\n<p>Afirm\u00f3 adem\u00e1s que su gobierno incaut\u00f3 33 toneladas de coca\u00edna en San Andr\u00e9s Islas, territorio insular de Colombia, sin ning\u00fan muerto.<\/p>\n<p>ro\/ifs<\/p>\n<\/div>\n<\/div>\n","protected":false},"excerpt":{"rendered":"<p>Bogot\u00e1, Prensa Latina) El presidente de Colombia, Gustavo Petro, pidi\u00f3 a Estados Unidos que respetara&hellip;<\/p>\n","protected":false},"author":2,"featured_media":75714,"comment_status":"closed","ping_status":"closed","sticky":false,"template":"","format":"standard","meta":{"footnotes":""},"categories":[52,53],"tags":[],"class_list":["post-75713","post","type-post","status-publish","format-standard","has-post-thumbnail","hentry","category-internacionales","category-prensa-latina"],"_links":{"self":[{"href":"https:\/\/eldiarioantillano.com\/uno\/wp-json\/wp\/v2\/posts\/75713","targetHints":{"allow":["GET"]}}],"collection":[{"href":"https:\/\/eldiarioantillano.com\/uno\/wp-json\/wp\/v2\/posts"}],"about":[{"href":"https:\/\/eldiarioantillano.com\/uno\/wp-json\/wp\/v2\/types\/post"}],"author":[{"embeddable":true,"href":"https:\/\/eldiarioantillano.com\/uno\/wp-json\/wp\/v2\/users\/2"}],"replies":[{"embeddable":true,"href":"https:\/\/eldiarioantillano.com\/uno\/wp-json\/wp\/v2\/comments?post=75713"}],"version-history":[{"count":1,"href":"https:\/\/eldiarioantillano.com\/uno\/wp-json\/wp\/v2\/posts\/75713\/revisions"}],"predecessor-version":[{"id":75715,"href":"https:\/\/eldiarioantillano.com\/uno\/wp-json\/wp\/v2\/posts\/75713\/revisions\/75715"}],"wp:featuredmedia":[{"embeddable":true,"href":"https:\/\/eldiarioantillano.com\/uno\/wp-json\/wp\/v2\/media\/75714"}],"wp:attachment":[{"href":"https:\/\/eldiarioantillano.com\/uno\/wp-json\/wp\/v2\/media?parent=75713"}],"wp:term":[{"taxonomy":"category","embeddable":true,"href":"https:\/\/eldiarioantillano.com\/uno\/wp-json\/wp\/v2\/categories?post=75713"},{"taxonomy":"post_tag","embeddable":true,"href":"https:\/\/eldiarioantillano.com\/uno\/wp-json\/wp\/v2\/tags?post=75713"}],"curies":[{"name":"wp","href":"https:\/\/api.w.org\/{rel}","templated":true}]}}