{"id":75704,"date":"2025-10-18T01:20:49","date_gmt":"2025-10-18T05:20:49","guid":{"rendered":"https:\/\/eldiarioantillano.com\/uno\/?p=75704"},"modified":"2025-10-18T01:20:49","modified_gmt":"2025-10-18T05:20:49","slug":"de-lo-divino-a-lo-profano","status":"publish","type":"post","link":"https:\/\/eldiarioantillano.com\/uno\/2025\/10\/18\/de-lo-divino-a-lo-profano\/","title":{"rendered":"De lo divino a lo profano"},"content":{"rendered":"<header class=\"entry-header-outer\">\n<div class=\"entry-header\">\n<div id=\"single-post-meta\" class=\"post-meta clearfix\">Por ANULFO MATEO P\u00c9REZ<\/div>\n<\/div>\n<\/header>\n<div class=\"entry-content entry clearfix\">\n<p>Al parecer, lo divino ahora tiene padrino; basta complacer a los \u201ccorrectos\u201d en Washington para que la paz se vuelva medalla y la moral espect\u00e1culo. Mientras tanto, los pueblos miran de lejos c\u00f3mo los ideales se visten de etiqueta y se pasean en alfombra roja, mientras lo profano sigue gobernando la realidad.<\/p>\n<p>Este espect\u00e1culo nos recuerda La Divina Comedia de Dante Alighieri, solo que esta vez el tr\u00e1nsito de la depositaria del Premio Nobel de la Paz, har\u00e1 un recorrido que se iniciar\u00e1 de la turbulencia al infierno.<\/p>\n<p>El Premio Nobel de la Paz naci\u00f3 para consagrar la confraternidad en el ser humano: la b\u00fasqueda de la concordia, la defensa de la verdad y la elevaci\u00f3n moral por encima de los conflictos.<\/p>\n<p>Sin embargo, en estos tiempos, la pureza de su prop\u00f3sito ha sido profanada por lo imp\u00fadico del poder mundial. Lo que fue s\u00edmbolo de reconciliaci\u00f3n y esperanza, ahora es instrumento de la violencia pol\u00edtica.<\/p>\n<p>La reciente concesi\u00f3n del Nobel de la Paz a Mar\u00eda Corina Machado confirma esa deriva. No se trata de una elecci\u00f3n inspirada en la justicia o en los m\u00e9ritos \u00e9ticos de una trayectoria, sino de una maniobra diplom\u00e1tica.<\/p>\n<p>Detr\u00e1s del relumbr\u00f3n medi\u00e1tico y del discurso sobre la libertad, se advierte la mano de los que han promovido sanciones, bloqueos y desestabilizaci\u00f3n en Am\u00e9rica Latina pretextando \u201cdefender la democracia\u201d.<\/p>\n<p>EE.UU., \u00e1rbitro autoproclamado de los valores universales, usa un premio moral como instrumento pol\u00edtico. Ya lo hab\u00eda hecho con Obama en 2009, mientras convert\u00eda en infierno a Afganist\u00e1n e Irak.<\/p>\n<p>El Nobel de la Paz, que debi\u00f3 seguir siendo conciencia universal, se ha convertido en tribuna de propaganda. En lugar de iluminar el camino de los pueblos hacia la concordia, hoy refleja la sombra del poder que lo manipula.<\/p>\n<\/div>\n","protected":false},"excerpt":{"rendered":"<p>Por ANULFO MATEO P\u00c9REZ Al parecer, lo divino ahora tiene padrino; basta complacer a los&hellip;<\/p>\n","protected":false},"author":2,"featured_media":64779,"comment_status":"closed","ping_status":"closed","sticky":false,"template":"","format":"standard","meta":{"footnotes":""},"categories":[54,51],"tags":[],"class_list":["post-75704","post","type-post","status-publish","format-standard","has-post-thumbnail","hentry","category-anulfo-mateo","category-opinion"],"_links":{"self":[{"href":"https:\/\/eldiarioantillano.com\/uno\/wp-json\/wp\/v2\/posts\/75704","targetHints":{"allow":["GET"]}}],"collection":[{"href":"https:\/\/eldiarioantillano.com\/uno\/wp-json\/wp\/v2\/posts"}],"about":[{"href":"https:\/\/eldiarioantillano.com\/uno\/wp-json\/wp\/v2\/types\/post"}],"author":[{"embeddable":true,"href":"https:\/\/eldiarioantillano.com\/uno\/wp-json\/wp\/v2\/users\/2"}],"replies":[{"embeddable":true,"href":"https:\/\/eldiarioantillano.com\/uno\/wp-json\/wp\/v2\/comments?post=75704"}],"version-history":[{"count":1,"href":"https:\/\/eldiarioantillano.com\/uno\/wp-json\/wp\/v2\/posts\/75704\/revisions"}],"predecessor-version":[{"id":75705,"href":"https:\/\/eldiarioantillano.com\/uno\/wp-json\/wp\/v2\/posts\/75704\/revisions\/75705"}],"wp:featuredmedia":[{"embeddable":true,"href":"https:\/\/eldiarioantillano.com\/uno\/wp-json\/wp\/v2\/media\/64779"}],"wp:attachment":[{"href":"https:\/\/eldiarioantillano.com\/uno\/wp-json\/wp\/v2\/media?parent=75704"}],"wp:term":[{"taxonomy":"category","embeddable":true,"href":"https:\/\/eldiarioantillano.com\/uno\/wp-json\/wp\/v2\/categories?post=75704"},{"taxonomy":"post_tag","embeddable":true,"href":"https:\/\/eldiarioantillano.com\/uno\/wp-json\/wp\/v2\/tags?post=75704"}],"curies":[{"name":"wp","href":"https:\/\/api.w.org\/{rel}","templated":true}]}}