{"id":75672,"date":"2025-10-17T01:30:18","date_gmt":"2025-10-17T05:30:18","guid":{"rendered":"https:\/\/eldiarioantillano.com\/uno\/?p=75672"},"modified":"2025-10-17T01:30:18","modified_gmt":"2025-10-17T05:30:18","slug":"recuerdan-en-redes-el-natalicio-de-maria-teresa-mirabal","status":"publish","type":"post","link":"https:\/\/eldiarioantillano.com\/uno\/2025\/10\/17\/recuerdan-en-redes-el-natalicio-de-maria-teresa-mirabal\/","title":{"rendered":"Recuerdan en redes el natalicio de Mar\u00eda Teresa Mirabal"},"content":{"rendered":"<div id=\":k1\" class=\"ii gt\">\n<div id=\":k6\" class=\"a3s aiL \">\n<div dir=\"auto\">La m\u00e1s joven de las hermanas, despu\u00e9s de Patria y Minerva, naci\u00f3 en 1936. Las tres y el conductor Rufino de la Cruz fueron asesinados por la tiran\u00eda de Trujillo el 25 de noviembre de 1960, en el que se conmemora en su honor el D\u00eda Mundial de la No Violencia contra la Mujer por decisi\u00f3n de la ONU.<\/div>\n<div class=\"yj6qo\"><\/div>\n<div class=\"adL\"><\/div>\n<\/div>\n<\/div>\n<div id=\":g7\" class=\"hq gt\"><\/div>\n","protected":false},"excerpt":{"rendered":"<p>La m\u00e1s joven de las hermanas, despu\u00e9s de Patria y Minerva, naci\u00f3 en 1936. Las&hellip;<\/p>\n","protected":false},"author":2,"featured_media":75673,"comment_status":"closed","ping_status":"closed","sticky":false,"template":"","format":"video","meta":{"footnotes":""},"categories":[55],"tags":[],"class_list":["post-75672","post","type-post","status-publish","format-video","has-post-thumbnail","hentry","category-nacionales","post_format-post-format-video"],"_links":{"self":[{"href":"https:\/\/eldiarioantillano.com\/uno\/wp-json\/wp\/v2\/posts\/75672","targetHints":{"allow":["GET"]}}],"collection":[{"href":"https:\/\/eldiarioantillano.com\/uno\/wp-json\/wp\/v2\/posts"}],"about":[{"href":"https:\/\/eldiarioantillano.com\/uno\/wp-json\/wp\/v2\/types\/post"}],"author":[{"embeddable":true,"href":"https:\/\/eldiarioantillano.com\/uno\/wp-json\/wp\/v2\/users\/2"}],"replies":[{"embeddable":true,"href":"https:\/\/eldiarioantillano.com\/uno\/wp-json\/wp\/v2\/comments?post=75672"}],"version-history":[{"count":1,"href":"https:\/\/eldiarioantillano.com\/uno\/wp-json\/wp\/v2\/posts\/75672\/revisions"}],"predecessor-version":[{"id":75678,"href":"https:\/\/eldiarioantillano.com\/uno\/wp-json\/wp\/v2\/posts\/75672\/revisions\/75678"}],"wp:featuredmedia":[{"embeddable":true,"href":"https:\/\/eldiarioantillano.com\/uno\/wp-json\/wp\/v2\/media\/75673"}],"wp:attachment":[{"href":"https:\/\/eldiarioantillano.com\/uno\/wp-json\/wp\/v2\/media?parent=75672"}],"wp:term":[{"taxonomy":"category","embeddable":true,"href":"https:\/\/eldiarioantillano.com\/uno\/wp-json\/wp\/v2\/categories?post=75672"},{"taxonomy":"post_tag","embeddable":true,"href":"https:\/\/eldiarioantillano.com\/uno\/wp-json\/wp\/v2\/tags?post=75672"}],"curies":[{"name":"wp","href":"https:\/\/api.w.org\/{rel}","templated":true}]}}