{"id":75584,"date":"2025-10-12T02:10:33","date_gmt":"2025-10-12T06:10:33","guid":{"rendered":"https:\/\/eldiarioantillano.com\/uno\/?p=75584"},"modified":"2025-10-12T02:10:33","modified_gmt":"2025-10-12T06:10:33","slug":"reconoce-gobernadora-de-puerto-rico-que-persiste-crisis-energetica","status":"publish","type":"post","link":"https:\/\/eldiarioantillano.com\/uno\/2025\/10\/12\/reconoce-gobernadora-de-puerto-rico-que-persiste-crisis-energetica\/","title":{"rendered":"Reconoce gobernadora de Puerto Rico que persiste crisis energ\u00e9tica"},"content":{"rendered":"<div class=\"elementor-element elementor-element-5a38e61 e-flex e-con-boxed e-con e-child\" data-id=\"5a38e61\" data-element_type=\"container\">\n<div class=\"e-con-inner\">\n<div class=\"elementor-element elementor-element-d2a4feb elementor-widget elementor-widget-theme-post-excerpt\" data-id=\"d2a4feb\" data-element_type=\"widget\" data-widget_type=\"theme-post-excerpt.default\">\n<div class=\"elementor-widget-container\">San Juan (Prensa Latina) La gobernadora Jenniffer Gonz\u00e1lez reconoci\u00f3 hoy que prosigue la crisis energ\u00e9tica en Puerto Rico a pesar de los refuerzos en generaci\u00f3n que ha hecho su administraci\u00f3n con la empresa GeneraPR.<\/div>\n<div>\n<p>\u00abTenemos una situaci\u00f3n de emergencia\u201d, admiti\u00f3 la mandataria puertorrique\u00f1a a d\u00edas de que el secretario de la Gobernaci\u00f3n, Francisco J. Domenech, rechazara que en este pa\u00eds hubiera una crisis energ\u00e9tica ante los frecuentes y prolongados apagones.<\/p>\n<p>Gonz\u00e1lez afirm\u00f3 este viernes, durante una rueda de prensa en la Central San Juan, que Puerto Rico contin\u00faa en estado de emergencia energ\u00e9tica por d\u00e9ficit de generaci\u00f3n.<\/p>\n<p>\u00abNo, todav\u00eda no; tenemos una situaci\u00f3n de emergencia\u00bb, dijo la gobernante al establecer a los periodistas que, aunque se han agregado unidades temporeras que han permitido a\u00f1adir mil 200 megavatios de generaci\u00f3n, el pa\u00eds no ha salido de la zona de peligro, porque con una rotura o un desperfecto en cualquiera de las centrales no hay c\u00f3mo suplir esa cantidad.<\/p>\n<p>Gonz\u00e1lez tambi\u00e9n critic\u00f3 la decisi\u00f3n de LUMA Energy, transmisi\u00f3n y distribuci\u00f3n, de suspender los trabajos de reparaci\u00f3n del sistema por el paso de la tormenta tropical Jerry, que finalmente se fue hacia el norte, por lo que no va a tener un efecto en esta isla del Caribe.<\/p>\n<p>\u201cEso deja demostrado otra vez lo que hacen ellos, que no les importa, y que prefieren economizarse y tener siempre una excusa para no hacer su trabajo\u201d, afirm\u00f3 al considerar que \u201cel contrato de LUMA es malo, es leonino, no atiende los problemas del pueblo y siempre tiene una excusa para no hacer reparaciones\u201d.<\/p>\n<p>otf\/nrm<\/p>\n<\/div>\n<\/div>\n<\/div>\n<\/div>\n<div class=\"elementor-element elementor-element-f5ec5bf e-flex e-con-boxed e-con e-child\" data-id=\"f5ec5bf\" data-element_type=\"container\">\n<div class=\"e-con-inner\"><\/div>\n<\/div>\n<div class=\"elementor-element elementor-element-80c8584 elementor-mobile-align-left elementor-widget elementor-widget-post-info\" data-id=\"80c8584\" data-element_type=\"widget\" data-widget_type=\"post-info.default\">\n<div class=\"elementor-widget-container\">\n<p>&nbsp;<\/p>\n<\/div>\n<\/div>\n","protected":false},"excerpt":{"rendered":"<p>San Juan (Prensa Latina) La gobernadora Jenniffer Gonz\u00e1lez reconoci\u00f3 hoy que prosigue la crisis energ\u00e9tica&hellip;<\/p>\n","protected":false},"author":2,"featured_media":75580,"comment_status":"closed","ping_status":"closed","sticky":false,"template":"","format":"standard","meta":{"footnotes":""},"categories":[52,53],"tags":[],"class_list":["post-75584","post","type-post","status-publish","format-standard","has-post-thumbnail","hentry","category-internacionales","category-prensa-latina"],"_links":{"self":[{"href":"https:\/\/eldiarioantillano.com\/uno\/wp-json\/wp\/v2\/posts\/75584","targetHints":{"allow":["GET"]}}],"collection":[{"href":"https:\/\/eldiarioantillano.com\/uno\/wp-json\/wp\/v2\/posts"}],"about":[{"href":"https:\/\/eldiarioantillano.com\/uno\/wp-json\/wp\/v2\/types\/post"}],"author":[{"embeddable":true,"href":"https:\/\/eldiarioantillano.com\/uno\/wp-json\/wp\/v2\/users\/2"}],"replies":[{"embeddable":true,"href":"https:\/\/eldiarioantillano.com\/uno\/wp-json\/wp\/v2\/comments?post=75584"}],"version-history":[{"count":1,"href":"https:\/\/eldiarioantillano.com\/uno\/wp-json\/wp\/v2\/posts\/75584\/revisions"}],"predecessor-version":[{"id":75585,"href":"https:\/\/eldiarioantillano.com\/uno\/wp-json\/wp\/v2\/posts\/75584\/revisions\/75585"}],"wp:featuredmedia":[{"embeddable":true,"href":"https:\/\/eldiarioantillano.com\/uno\/wp-json\/wp\/v2\/media\/75580"}],"wp:attachment":[{"href":"https:\/\/eldiarioantillano.com\/uno\/wp-json\/wp\/v2\/media?parent=75584"}],"wp:term":[{"taxonomy":"category","embeddable":true,"href":"https:\/\/eldiarioantillano.com\/uno\/wp-json\/wp\/v2\/categories?post=75584"},{"taxonomy":"post_tag","embeddable":true,"href":"https:\/\/eldiarioantillano.com\/uno\/wp-json\/wp\/v2\/tags?post=75584"}],"curies":[{"name":"wp","href":"https:\/\/api.w.org\/{rel}","templated":true}]}}