{"id":75579,"date":"2025-10-12T02:08:57","date_gmt":"2025-10-12T06:08:57","guid":{"rendered":"https:\/\/eldiarioantillano.com\/uno\/?p=75579"},"modified":"2025-10-12T02:20:33","modified_gmt":"2025-10-12T06:20:33","slug":"terminan-construccion-de-liceo-luis-jose-antoine-en-guayubin","status":"publish","type":"post","link":"https:\/\/eldiarioantillano.com\/uno\/2025\/10\/12\/terminan-construccion-de-liceo-luis-jose-antoine-en-guayubin\/","title":{"rendered":"Terminan construcci\u00f3n de Liceo Luis Jos\u00e9 Antoine en Guayub\u00edn"},"content":{"rendered":"<div id=\":ax\" class=\"ii gt\">\n<div id=\":ay\" class=\"a3s aiL \">\n<div dir=\"auto\">Tras una d\u00e9cada de trabajo muy lento, fue concluida la edificaci\u00f3n del centro educativo en el municipio montecriste\u00f1o m\u00e1s extenso y populoso. (Fotos: Daygorod Fabi\u00e1n).<\/div>\n<\/div>\n<div dir=\"auto\"><img fetchpriority=\"high\" decoding=\"async\" class=\"aligncenter size-full wp-image-75581\" src=\"https:\/\/eldiarioantillano.com\/uno\/wp-content\/uploads\/2025\/10\/IMG-20251009-WA0110.jpg\" alt=\"\" width=\"1600\" height=\"900\" srcset=\"https:\/\/eldiarioantillano.com\/uno\/wp-content\/uploads\/2025\/10\/IMG-20251009-WA0110.jpg 1600w, https:\/\/eldiarioantillano.com\/uno\/wp-content\/uploads\/2025\/10\/IMG-20251009-WA0110-300x169.jpg 300w, https:\/\/eldiarioantillano.com\/uno\/wp-content\/uploads\/2025\/10\/IMG-20251009-WA0110-1024x576.jpg 1024w, https:\/\/eldiarioantillano.com\/uno\/wp-content\/uploads\/2025\/10\/IMG-20251009-WA0110-768x432.jpg 768w, https:\/\/eldiarioantillano.com\/uno\/wp-content\/uploads\/2025\/10\/IMG-20251009-WA0110-1536x864.jpg 1536w, https:\/\/eldiarioantillano.com\/uno\/wp-content\/uploads\/2025\/10\/IMG-20251009-WA0110-1200x675.jpg 1200w, https:\/\/eldiarioantillano.com\/uno\/wp-content\/uploads\/2025\/10\/IMG-20251009-WA0110-1170x658.jpg 1170w, https:\/\/eldiarioantillano.com\/uno\/wp-content\/uploads\/2025\/10\/IMG-20251009-WA0110-585x329.jpg 585w\" sizes=\"(max-width: 1600px) 100vw, 1600px\" \/><\/div>\n<div dir=\"auto\">\n<div id=\":9v\" class=\"ii gt\">\n<div id=\":9u\" class=\"a3s aiL \">\n<div dir=\"auto\">Entrada del Liceo Luis Jos\u00e9 Antoine en el municipio Guayub\u00edn, Montecristi.<\/div>\n<div class=\"yj6qo\"><\/div>\n<div class=\"adL\"><\/div>\n<\/div>\n<\/div>\n<div id=\":bb\" class=\"hq gt\"><\/div>\n<\/div>\n<div id=\":ay\" class=\"a3s aiL \">\n<div class=\"yj6qo\"><\/div>\n<div class=\"adL\"><\/div>\n<\/div>\n<\/div>\n<div id=\":bd\" class=\"hq gt\"><\/div>\n","protected":false},"excerpt":{"rendered":"<p>Tras una d\u00e9cada de trabajo muy lento, fue concluida la edificaci\u00f3n del centro educativo en&hellip;<\/p>\n","protected":false},"author":2,"featured_media":75582,"comment_status":"closed","ping_status":"closed","sticky":false,"template":"","format":"standard","meta":{"footnotes":""},"categories":[57],"tags":[],"class_list":["post-75579","post","type-post","status-publish","format-standard","has-post-thumbnail","hentry","category-montecristi"],"_links":{"self":[{"href":"https:\/\/eldiarioantillano.com\/uno\/wp-json\/wp\/v2\/posts\/75579","targetHints":{"allow":["GET"]}}],"collection":[{"href":"https:\/\/eldiarioantillano.com\/uno\/wp-json\/wp\/v2\/posts"}],"about":[{"href":"https:\/\/eldiarioantillano.com\/uno\/wp-json\/wp\/v2\/types\/post"}],"author":[{"embeddable":true,"href":"https:\/\/eldiarioantillano.com\/uno\/wp-json\/wp\/v2\/users\/2"}],"replies":[{"embeddable":true,"href":"https:\/\/eldiarioantillano.com\/uno\/wp-json\/wp\/v2\/comments?post=75579"}],"version-history":[{"count":2,"href":"https:\/\/eldiarioantillano.com\/uno\/wp-json\/wp\/v2\/posts\/75579\/revisions"}],"predecessor-version":[{"id":75592,"href":"https:\/\/eldiarioantillano.com\/uno\/wp-json\/wp\/v2\/posts\/75579\/revisions\/75592"}],"wp:featuredmedia":[{"embeddable":true,"href":"https:\/\/eldiarioantillano.com\/uno\/wp-json\/wp\/v2\/media\/75582"}],"wp:attachment":[{"href":"https:\/\/eldiarioantillano.com\/uno\/wp-json\/wp\/v2\/media?parent=75579"}],"wp:term":[{"taxonomy":"category","embeddable":true,"href":"https:\/\/eldiarioantillano.com\/uno\/wp-json\/wp\/v2\/categories?post=75579"},{"taxonomy":"post_tag","embeddable":true,"href":"https:\/\/eldiarioantillano.com\/uno\/wp-json\/wp\/v2\/tags?post=75579"}],"curies":[{"name":"wp","href":"https:\/\/api.w.org\/{rel}","templated":true}]}}