{"id":75571,"date":"2025-10-11T01:09:52","date_gmt":"2025-10-11T05:09:52","guid":{"rendered":"https:\/\/eldiarioantillano.com\/uno\/?p=75571"},"modified":"2025-10-11T01:09:52","modified_gmt":"2025-10-11T05:09:52","slug":"fundacion-coopsano-realizara-jornada-de-asistencia-medica-en-sabaneta","status":"publish","type":"post","link":"https:\/\/eldiarioantillano.com\/uno\/2025\/10\/11\/fundacion-coopsano-realizara-jornada-de-asistencia-medica-en-sabaneta\/","title":{"rendered":"Fundaci\u00f3n Coopsano realizar\u00e1 jornada de asistencia m\u00e9dica en Sabaneta"},"content":{"rendered":"<div class=\"aju\">\n<div class=\"aCi\">La actividad a favor de la salud se efectuar\u00e1 este s\u00e1bado 11 desde las 9 de la ma\u00f1ana hasta las 3 de la tarde.<\/div>\n<\/div>\n","protected":false},"excerpt":{"rendered":"<p>La actividad a favor de la salud se efectuar\u00e1 este s\u00e1bado 11 desde las 9&hellip;<\/p>\n","protected":false},"author":2,"featured_media":75572,"comment_status":"closed","ping_status":"closed","sticky":false,"template":"","format":"standard","meta":{"footnotes":""},"categories":[55],"tags":[],"class_list":["post-75571","post","type-post","status-publish","format-standard","has-post-thumbnail","hentry","category-nacionales"],"_links":{"self":[{"href":"https:\/\/eldiarioantillano.com\/uno\/wp-json\/wp\/v2\/posts\/75571","targetHints":{"allow":["GET"]}}],"collection":[{"href":"https:\/\/eldiarioantillano.com\/uno\/wp-json\/wp\/v2\/posts"}],"about":[{"href":"https:\/\/eldiarioantillano.com\/uno\/wp-json\/wp\/v2\/types\/post"}],"author":[{"embeddable":true,"href":"https:\/\/eldiarioantillano.com\/uno\/wp-json\/wp\/v2\/users\/2"}],"replies":[{"embeddable":true,"href":"https:\/\/eldiarioantillano.com\/uno\/wp-json\/wp\/v2\/comments?post=75571"}],"version-history":[{"count":1,"href":"https:\/\/eldiarioantillano.com\/uno\/wp-json\/wp\/v2\/posts\/75571\/revisions"}],"predecessor-version":[{"id":75573,"href":"https:\/\/eldiarioantillano.com\/uno\/wp-json\/wp\/v2\/posts\/75571\/revisions\/75573"}],"wp:featuredmedia":[{"embeddable":true,"href":"https:\/\/eldiarioantillano.com\/uno\/wp-json\/wp\/v2\/media\/75572"}],"wp:attachment":[{"href":"https:\/\/eldiarioantillano.com\/uno\/wp-json\/wp\/v2\/media?parent=75571"}],"wp:term":[{"taxonomy":"category","embeddable":true,"href":"https:\/\/eldiarioantillano.com\/uno\/wp-json\/wp\/v2\/categories?post=75571"},{"taxonomy":"post_tag","embeddable":true,"href":"https:\/\/eldiarioantillano.com\/uno\/wp-json\/wp\/v2\/tags?post=75571"}],"curies":[{"name":"wp","href":"https:\/\/api.w.org\/{rel}","templated":true}]}}