{"id":75568,"date":"2025-10-11T01:07:50","date_gmt":"2025-10-11T05:07:50","guid":{"rendered":"https:\/\/eldiarioantillano.com\/uno\/?p=75568"},"modified":"2025-10-11T01:07:50","modified_gmt":"2025-10-11T05:07:50","slug":"el-poder-de-la-conversacion-y-la-memoria-compartida","status":"publish","type":"post","link":"https:\/\/eldiarioantillano.com\/uno\/2025\/10\/11\/el-poder-de-la-conversacion-y-la-memoria-compartida\/","title":{"rendered":"El poder de la conversaci\u00f3n y la memoria compartida"},"content":{"rendered":"<p>Por N\u00c9STOR EST\u00c9VEZ<\/p>\n<p>En un tiempo en que las pantallas median casi todas nuestras relaciones, reencontrarse cara a cara se ha vuelto un acto de resistencia. Lo comprobamos un grupo de egresados del Instituto Tecnol\u00f3gico San Ignacio de Loyola (ITESIL), de Dajab\u00f3n, cuando, cuarenta y un a\u00f1os despu\u00e9s, decidimos reunirnos.<\/p>\n<p>Lo que comenz\u00f3 como una simple celebraci\u00f3n termin\u00f3 siendo una experiencia profundamente transformadora, que nos record\u00f3 que el contacto humano sigue siendo una de las fuerzas m\u00e1s reparadoras que existen.<\/p>\n<p>M\u00e1s all\u00e1 de la nostalgia, el reencuentro fue una lecci\u00f3n sobre lo que significa volver a mirarse a los ojos y reconocerse en las historias que nos formaron. Descubrimos que la socializaci\u00f3n no es solo un intercambio de palabras: es una energ\u00eda vital que moldea identidades, regenera v\u00ednculos y fortalece la pertenencia. En cada abrazo, cada risa y cada silencio compartido, la memoria se hizo presente como una narrativa viva, no como una l\u00ednea din\u00e1mica que incluye pasado.<\/p>\n<p>Diversos estudios confirman que las relaciones del pasado influyen directamente en la calidad de nuestras interacciones presentes. Reunirse con quienes compartimos etapas significativas no solo fortalece el \u00e1nimo, sino que mejora la satisfacci\u00f3n vital y reduce la sensaci\u00f3n de soledad. Esos encuentros se convierten, sin propon\u00e9rselo, en ejercicios de cuidado mutuo. Cada historia revivida y cada an\u00e9cdota recontada tejen un entramado invisible de apoyo emocional y social.<\/p>\n<p>En este encuentro tambi\u00e9n descubrimos el valor liberador del humor y la mirada retrospectiva. Re\u00edrnos de nuestras torpezas juveniles o de lo que antes nos avergonzaba fue una manera de reconciliarnos con quienes fuimos. En ese proceso, la gratitud emergi\u00f3 como una forma de sabidur\u00eda: mirar atr\u00e1s no con nostalgia, sino con sentido y comprensi\u00f3n del camino recorrido. Los recuerdos, cuando se comparten, se transforman en br\u00fajulas que orientan el presente.<\/p>\n<p>Pero el alcance de esta experiencia fue m\u00e1s all\u00e1 de lo emocional. En medio de las conversaciones, surgieron reflexiones sobre los desaf\u00edos comunes que enfrentan nuestras familias y comunidades. De ah\u00ed nacieron ideas que ya empiezan a tomar cuerpo: programas de mentor\u00eda, rescate de la memoria institucional y diversas actividades intergeneracionales. Peque\u00f1os pasos que, sumados, empiezan a configurar una red de compromiso social que da continuidad al esp\u00edritu ignaciano: \u201cEn todo, amar y servir\u201d.<\/p>\n<p>Un estudio publicado en 2023 sostiene que \u201clas recompensas que brindan las interacciones sociales positivas fomentan la capacidad de compartir perspectivas y promover el bienestar\u201d. Esa afirmaci\u00f3n cobr\u00f3 vida entre nosotros. Cada di\u00e1logo espont\u00e1neo reafirm\u00f3 que la amistad tambi\u00e9n puede ser un acto de resiliencia colectiva, una forma de resistencia frente al aislamiento contempor\u00e1neo.<\/p>\n<p>Y es que reencontrarse no es un gesto trivial. En una \u00e9poca en que las redes digitales sustituyen las conversaciones profundas por breves interacciones, recuperar la palabra compartida se convierte en un acto de reparaci\u00f3n. Sherry Turkle, en su libro\u00a0<i>En defensa de la conversaci\u00f3n<\/i>, advierte sobre la \u201chuida de la conversaci\u00f3n\u201d que debilita los lazos y erosiona la empat\u00eda. Frente a esa tendencia, nuestra experiencia demostr\u00f3 que el di\u00e1logo presencial \u2014ese que exige escucha, mirada y silencio\u2014 sigue siendo la base del entendimiento humano.<\/p>\n<p>Conversar, recordar y re\u00edr juntos no es mirar atr\u00e1s: es renovar ra\u00edces. Es reconocernos en los otros, reafirmar lo que somos y proyectar lo que queremos seguir siendo. Por eso, cuando un grupo de amigos decide reencontrarse, lo que realmente hace es encender una llama: la del afecto que da sentido, la de la memoria que une y la del compromiso que transforma.<\/p>\n<p>En el caso de los egresados del ITESIL en 1984, el hecho de volver a mirarnos con los mismos ojos de adolescentes no fue un acto de nostalgia, sino de sanaci\u00f3n. En tiempos de inmediatez y desconexi\u00f3n emocional, reencontrarnos fue una manera de recordar que seguimos siendo comunidad, que el pasado no se congela y que, a veces, basta un abrazo para reescribir el presente y modelar el futuro.<\/p>\n","protected":false},"excerpt":{"rendered":"<p>Por N\u00c9STOR EST\u00c9VEZ En un tiempo en que las pantallas median casi todas nuestras relaciones,&hellip;<\/p>\n","protected":false},"author":2,"featured_media":66757,"comment_status":"closed","ping_status":"closed","sticky":false,"template":"","format":"standard","meta":{"footnotes":""},"categories":[143,51],"tags":[],"class_list":["post-75568","post","type-post","status-publish","format-standard","has-post-thumbnail","hentry","category-nestor-estevez","category-opinion"],"_links":{"self":[{"href":"https:\/\/eldiarioantillano.com\/uno\/wp-json\/wp\/v2\/posts\/75568","targetHints":{"allow":["GET"]}}],"collection":[{"href":"https:\/\/eldiarioantillano.com\/uno\/wp-json\/wp\/v2\/posts"}],"about":[{"href":"https:\/\/eldiarioantillano.com\/uno\/wp-json\/wp\/v2\/types\/post"}],"author":[{"embeddable":true,"href":"https:\/\/eldiarioantillano.com\/uno\/wp-json\/wp\/v2\/users\/2"}],"replies":[{"embeddable":true,"href":"https:\/\/eldiarioantillano.com\/uno\/wp-json\/wp\/v2\/comments?post=75568"}],"version-history":[{"count":1,"href":"https:\/\/eldiarioantillano.com\/uno\/wp-json\/wp\/v2\/posts\/75568\/revisions"}],"predecessor-version":[{"id":75569,"href":"https:\/\/eldiarioantillano.com\/uno\/wp-json\/wp\/v2\/posts\/75568\/revisions\/75569"}],"wp:featuredmedia":[{"embeddable":true,"href":"https:\/\/eldiarioantillano.com\/uno\/wp-json\/wp\/v2\/media\/66757"}],"wp:attachment":[{"href":"https:\/\/eldiarioantillano.com\/uno\/wp-json\/wp\/v2\/media?parent=75568"}],"wp:term":[{"taxonomy":"category","embeddable":true,"href":"https:\/\/eldiarioantillano.com\/uno\/wp-json\/wp\/v2\/categories?post=75568"},{"taxonomy":"post_tag","embeddable":true,"href":"https:\/\/eldiarioantillano.com\/uno\/wp-json\/wp\/v2\/tags?post=75568"}],"curies":[{"name":"wp","href":"https:\/\/api.w.org\/{rel}","templated":true}]}}