{"id":75566,"date":"2025-10-11T01:05:25","date_gmt":"2025-10-11T05:05:25","guid":{"rendered":"https:\/\/eldiarioantillano.com\/uno\/?p=75566"},"modified":"2025-10-11T01:19:05","modified_gmt":"2025-10-11T05:19:05","slug":"pedro-sanchez-saluda-a-miguel-vargas-en-sede-del-partido-socialista-obrero-espanol","status":"publish","type":"post","link":"https:\/\/eldiarioantillano.com\/uno\/2025\/10\/11\/pedro-sanchez-saluda-a-miguel-vargas-en-sede-del-partido-socialista-obrero-espanol\/","title":{"rendered":"Pedro S\u00e1nchez saluda a Miguel Vargas en sede del Partido Socialista Obrero Espa\u00f1ol"},"content":{"rendered":"<div id=\":bp\" class=\"ii gt\">\n<div id=\":bq\" class=\"a3s aiL \">\n<div dir=\"auto\">El presidente del Gobierno espa\u00f1ol convers\u00f3 brevemente con el titular del comit\u00e9 latinoamericano de la Internacional Socialista, cargo que ocup\u00f3 Jos\u00e9 Francisco Pe\u00f1a G\u00f3mez por muchos a\u00f1os. (Foto: Fuente externa).<\/div>\n<\/div>\n<div dir=\"auto\"><img fetchpriority=\"high\" decoding=\"async\" class=\"aligncenter size-full wp-image-75552\" src=\"https:\/\/eldiarioantillano.com\/uno\/wp-content\/uploads\/2025\/10\/IMG-20251010-WA0027.jpg\" alt=\"\" width=\"736\" height=\"423\" srcset=\"https:\/\/eldiarioantillano.com\/uno\/wp-content\/uploads\/2025\/10\/IMG-20251010-WA0027.jpg 736w, https:\/\/eldiarioantillano.com\/uno\/wp-content\/uploads\/2025\/10\/IMG-20251010-WA0027-300x172.jpg 300w, https:\/\/eldiarioantillano.com\/uno\/wp-content\/uploads\/2025\/10\/IMG-20251010-WA0027-585x336.jpg 585w\" sizes=\"(max-width: 736px) 100vw, 736px\" \/><\/div>\n<div id=\":bq\" class=\"a3s aiL \">\n<div class=\"yj6qo\"><\/div>\n<div class=\"adL\"><\/div>\n<\/div>\n<\/div>\n<div id=\":al\" class=\"hq gt\"><\/div>\n","protected":false},"excerpt":{"rendered":"<p>El presidente del Gobierno espa\u00f1ol convers\u00f3 brevemente con el titular del comit\u00e9 latinoamericano de la&hellip;<\/p>\n","protected":false},"author":2,"featured_media":75553,"comment_status":"closed","ping_status":"closed","sticky":false,"template":"","format":"standard","meta":{"footnotes":""},"categories":[52],"tags":[],"class_list":["post-75566","post","type-post","status-publish","format-standard","has-post-thumbnail","hentry","category-internacionales"],"_links":{"self":[{"href":"https:\/\/eldiarioantillano.com\/uno\/wp-json\/wp\/v2\/posts\/75566","targetHints":{"allow":["GET"]}}],"collection":[{"href":"https:\/\/eldiarioantillano.com\/uno\/wp-json\/wp\/v2\/posts"}],"about":[{"href":"https:\/\/eldiarioantillano.com\/uno\/wp-json\/wp\/v2\/types\/post"}],"author":[{"embeddable":true,"href":"https:\/\/eldiarioantillano.com\/uno\/wp-json\/wp\/v2\/users\/2"}],"replies":[{"embeddable":true,"href":"https:\/\/eldiarioantillano.com\/uno\/wp-json\/wp\/v2\/comments?post=75566"}],"version-history":[{"count":3,"href":"https:\/\/eldiarioantillano.com\/uno\/wp-json\/wp\/v2\/posts\/75566\/revisions"}],"predecessor-version":[{"id":75577,"href":"https:\/\/eldiarioantillano.com\/uno\/wp-json\/wp\/v2\/posts\/75566\/revisions\/75577"}],"wp:featuredmedia":[{"embeddable":true,"href":"https:\/\/eldiarioantillano.com\/uno\/wp-json\/wp\/v2\/media\/75553"}],"wp:attachment":[{"href":"https:\/\/eldiarioantillano.com\/uno\/wp-json\/wp\/v2\/media?parent=75566"}],"wp:term":[{"taxonomy":"category","embeddable":true,"href":"https:\/\/eldiarioantillano.com\/uno\/wp-json\/wp\/v2\/categories?post=75566"},{"taxonomy":"post_tag","embeddable":true,"href":"https:\/\/eldiarioantillano.com\/uno\/wp-json\/wp\/v2\/tags?post=75566"}],"curies":[{"name":"wp","href":"https:\/\/api.w.org\/{rel}","templated":true}]}}