{"id":75514,"date":"2025-10-08T00:01:27","date_gmt":"2025-10-08T04:01:27","guid":{"rendered":"https:\/\/eldiarioantillano.com\/uno\/?p=75514"},"modified":"2025-10-07T21:16:56","modified_gmt":"2025-10-08T01:16:56","slug":"catalejo-una-verguenza","status":"publish","type":"post","link":"https:\/\/eldiarioantillano.com\/uno\/2025\/10\/08\/catalejo-una-verguenza\/","title":{"rendered":"CATALEJO: Una verg\u00fcenza"},"content":{"rendered":"<p>Por ANULFO MATEO P\u00c9REZ<\/p>\n<p>\u201cLa mujer del C\u00e9sar no solo debe ser honrada, sino tambi\u00e9n parecerlo.\u201d La frase se le atribuye a Julio C\u00e9sar, y significa que no basta con ser \u00edntegro, tambi\u00e9n hay que aparentar transparencia para no dar lugar a sospechas. Lo del gobierno de Luis Abinader ni siquiera llega a ese punto cosm\u00e9tico.<\/p>\n<p>Ya el presente gobierno hab\u00eda dado muestras de que \u201cpoco le importa el qu\u00e9 dir\u00e1n\u201d, cuando se trata de servir de pe\u00f3n al Departamento de Estado y al presidente Donald Trump, en su pol\u00edtica injerencista a nivel global.<\/p>\n<p>Es una verg\u00fcenza que Rep\u00fablica Dominicana, sede de la pr\u00f3xima X Cumbre de las Am\u00e9ricas, prevista para celebrarse en Punta Cana, los d\u00edas 4 y 5 de diciembre, haya dispuesto excluir a Cuba, Venezuela y Nicaragua.<\/p>\n<p>La medida ha sido impuesta por Washington y ejecutada por el gobierno dominicano con la sumisi\u00f3n de un mu\u00f1eco de ventriloquia, y resulta a\u00fan m\u00e1s doloroso para un pa\u00eds que ha sido intervenido militarmente por EE.UU.<\/p>\n<p>Sin ning\u00fan disimulo, ya transitamos el camino de la desverg\u00fcenza cediendo a las presiones unilaterales de un imperio en decadencia, advertido por reputados analistas pol\u00edticos desde la d\u00e9cada de los 80.<\/p>\n<p>No est\u00e1 de m\u00e1s recordar las palabras del comandante Fidel Castro, cuando se\u00f1al\u00f3 que la crisis estructural del capitalismo no se limitaba a los pa\u00edses pobres, sino que alcanzaba tambi\u00e9n a Estados Unidos.<\/p>\n<p>La exclusi\u00f3n impide un intercambio respetuoso y productivo entre Am\u00e9rica Latina, el Caribe y EE.UU. en un momento de tantas tensiones geopol\u00edticas que amenazan la paz, seguridad y estabilidad regionales.<\/p>\n<p>El gobierno dominicano puede limpiar esta afrenta y rescatar, aunque sea en parte, la dignidad perdida, acogiendo una cumbre inclusiva antes de que otras naciones solidarias decidan abstenerse de participar.<\/p>\n","protected":false},"excerpt":{"rendered":"<p>Por ANULFO MATEO P\u00c9REZ \u201cLa mujer del C\u00e9sar no solo debe ser honrada, sino tambi\u00e9n&hellip;<\/p>\n","protected":false},"author":2,"featured_media":64779,"comment_status":"closed","ping_status":"closed","sticky":false,"template":"","format":"standard","meta":{"footnotes":""},"categories":[54,55,51],"tags":[],"class_list":["post-75514","post","type-post","status-publish","format-standard","has-post-thumbnail","hentry","category-anulfo-mateo","category-nacionales","category-opinion"],"_links":{"self":[{"href":"https:\/\/eldiarioantillano.com\/uno\/wp-json\/wp\/v2\/posts\/75514","targetHints":{"allow":["GET"]}}],"collection":[{"href":"https:\/\/eldiarioantillano.com\/uno\/wp-json\/wp\/v2\/posts"}],"about":[{"href":"https:\/\/eldiarioantillano.com\/uno\/wp-json\/wp\/v2\/types\/post"}],"author":[{"embeddable":true,"href":"https:\/\/eldiarioantillano.com\/uno\/wp-json\/wp\/v2\/users\/2"}],"replies":[{"embeddable":true,"href":"https:\/\/eldiarioantillano.com\/uno\/wp-json\/wp\/v2\/comments?post=75514"}],"version-history":[{"count":1,"href":"https:\/\/eldiarioantillano.com\/uno\/wp-json\/wp\/v2\/posts\/75514\/revisions"}],"predecessor-version":[{"id":75515,"href":"https:\/\/eldiarioantillano.com\/uno\/wp-json\/wp\/v2\/posts\/75514\/revisions\/75515"}],"wp:featuredmedia":[{"embeddable":true,"href":"https:\/\/eldiarioantillano.com\/uno\/wp-json\/wp\/v2\/media\/64779"}],"wp:attachment":[{"href":"https:\/\/eldiarioantillano.com\/uno\/wp-json\/wp\/v2\/media?parent=75514"}],"wp:term":[{"taxonomy":"category","embeddable":true,"href":"https:\/\/eldiarioantillano.com\/uno\/wp-json\/wp\/v2\/categories?post=75514"},{"taxonomy":"post_tag","embeddable":true,"href":"https:\/\/eldiarioantillano.com\/uno\/wp-json\/wp\/v2\/tags?post=75514"}],"curies":[{"name":"wp","href":"https:\/\/api.w.org\/{rel}","templated":true}]}}