{"id":75372,"date":"2025-10-01T00:57:44","date_gmt":"2025-10-01T04:57:44","guid":{"rendered":"https:\/\/eldiarioantillano.com\/uno\/?p=75372"},"modified":"2025-10-01T00:57:44","modified_gmt":"2025-10-01T04:57:44","slug":"marcharan-en-nueva-york-por-los-derechos-de-los-inmigrantes-el-sabado-4-de-octubre","status":"publish","type":"post","link":"https:\/\/eldiarioantillano.com\/uno\/2025\/10\/01\/marcharan-en-nueva-york-por-los-derechos-de-los-inmigrantes-el-sabado-4-de-octubre\/","title":{"rendered":"Marchar\u00e1n en Nueva York por los derechos de los inmigrantes el s\u00e1bado 4 de octubre"},"content":{"rendered":"<p>Activistas comunitarios y sociales organizan una manifestaci\u00f3n contra las redadas arbitrarias y la presencia militar que ordena Donald Trump.<\/p>\n","protected":false},"excerpt":{"rendered":"<p>Activistas comunitarios y sociales organizan una manifestaci\u00f3n contra las redadas arbitrarias y la presencia militar&hellip;<\/p>\n","protected":false},"author":2,"featured_media":75339,"comment_status":"closed","ping_status":"closed","sticky":false,"template":"","format":"standard","meta":{"footnotes":""},"categories":[52],"tags":[],"class_list":["post-75372","post","type-post","status-publish","format-standard","has-post-thumbnail","hentry","category-internacionales"],"_links":{"self":[{"href":"https:\/\/eldiarioantillano.com\/uno\/wp-json\/wp\/v2\/posts\/75372","targetHints":{"allow":["GET"]}}],"collection":[{"href":"https:\/\/eldiarioantillano.com\/uno\/wp-json\/wp\/v2\/posts"}],"about":[{"href":"https:\/\/eldiarioantillano.com\/uno\/wp-json\/wp\/v2\/types\/post"}],"author":[{"embeddable":true,"href":"https:\/\/eldiarioantillano.com\/uno\/wp-json\/wp\/v2\/users\/2"}],"replies":[{"embeddable":true,"href":"https:\/\/eldiarioantillano.com\/uno\/wp-json\/wp\/v2\/comments?post=75372"}],"version-history":[{"count":1,"href":"https:\/\/eldiarioantillano.com\/uno\/wp-json\/wp\/v2\/posts\/75372\/revisions"}],"predecessor-version":[{"id":75373,"href":"https:\/\/eldiarioantillano.com\/uno\/wp-json\/wp\/v2\/posts\/75372\/revisions\/75373"}],"wp:featuredmedia":[{"embeddable":true,"href":"https:\/\/eldiarioantillano.com\/uno\/wp-json\/wp\/v2\/media\/75339"}],"wp:attachment":[{"href":"https:\/\/eldiarioantillano.com\/uno\/wp-json\/wp\/v2\/media?parent=75372"}],"wp:term":[{"taxonomy":"category","embeddable":true,"href":"https:\/\/eldiarioantillano.com\/uno\/wp-json\/wp\/v2\/categories?post=75372"},{"taxonomy":"post_tag","embeddable":true,"href":"https:\/\/eldiarioantillano.com\/uno\/wp-json\/wp\/v2\/tags?post=75372"}],"curies":[{"name":"wp","href":"https:\/\/api.w.org\/{rel}","templated":true}]}}