{"id":75363,"date":"2025-10-01T00:50:43","date_gmt":"2025-10-01T04:50:43","guid":{"rendered":"https:\/\/eldiarioantillano.com\/uno\/?p=75363"},"modified":"2025-10-01T00:50:43","modified_gmt":"2025-10-01T04:50:43","slug":"feminicidios-en-republica-dominicana-entre-la-deuda-y-el-dolor","status":"publish","type":"post","link":"https:\/\/eldiarioantillano.com\/uno\/2025\/10\/01\/feminicidios-en-republica-dominicana-entre-la-deuda-y-el-dolor\/","title":{"rendered":"Feminicidios en Rep\u00fablica Dominicana: entre la deuda y el dolor"},"content":{"rendered":"<div class=\"elementor-element elementor-element-4dc12ff4 elementor-widget elementor-widget-theme-post-excerpt\" data-id=\"4dc12ff4\" data-element_type=\"widget\" data-widget_type=\"theme-post-excerpt.default\">\n<div class=\"elementor-widget-container\">Por Mariela P\u00e9rez Valenzuela<br \/>\nCorresponsal jefa de Prensa Latina en Rep\u00fablica Dominicana<\/div>\n<\/div>\n<div class=\"elementor-element elementor-element-66d77f4c elementor-widget elementor-widget-post-info\" data-id=\"66d77f4c\" data-element_type=\"widget\" data-widget_type=\"post-info.default\">\n<div class=\"elementor-widget-container\">\n<p>La violencia de g\u00e9nero en el pa\u00eds mantiene en alerta a las autoridades gubernamentales, organizaciones sociales y, en especial, a las familias que observan los crecientes n\u00fameros de f\u00e9minas ultimadas casi siempre por personas cercanas, entre ellas, las exparejas de las v\u00edctimas.<\/p>\n<p>Treinta y seis de esos feminicidios fueron cometidos por hombres que alguna vez dijeron quererlas. En la calle, la gente comenta con resignaci\u00f3n, mientras las autoridades aseguran que dise\u00f1an nuevas rutas de prevenci\u00f3n.<\/p>\n<p>Mientras tanto, las familias entierran a sus hijas, madres y hermanas, tratando de encontrar consuelo en medio de la impotencia.<\/p>\n<p>Estas cifras reflejan no solo la persistencia de la violencia contra ellas, sino tambi\u00e9n la dificultad del Estado y de la sociedad para frenar un fen\u00f3meno estructural que combina factores culturales, institucionales y de seguridad.<\/p>\n<p>Cada cifra oficial esconde un drama humano. M\u00e1s del 80 por ciento de esas mujeres no hab\u00edan denunciado violencia previa.<\/p>\n<p>El silencio, muchas veces impuesto por miedo o desconfianza en la justicia, deja a las v\u00edctimas sin red de protecci\u00f3n. Esta realidad limita las posibilidades de prevenci\u00f3n y muestra la fragilidad de los mecanismos de detecci\u00f3n temprana.<\/p>\n<p>Confirma que, sin un cambio estructural que incentive y garantice denuncias tempranas y seguras, el Estado seguir\u00e1 llegando tarde en la mayor\u00eda de los casos.<\/p>\n<p>El compendio de la Oficina Nacional de Estad\u00edstica (ONE) se\u00f1ala que en 2024 ocurrieron 83 feminicidios.<\/p>\n<p>Si la tendencia de 2025 se mantiene, el pa\u00eds podr\u00eda cerrar con cifras similares o incluso m\u00e1s altas, lo que evidencia que los avances son insuficientes y que el problema persiste.<\/p>\n<p>LA TRAGEDIA ADQUIERE UN TINTE M\u00c1S DOLOROSO<\/p>\n<p>En algunos casos, la tragedia adquiere un tinte a\u00fan m\u00e1s doloroso: ocho de los agresores este a\u00f1o pertenec\u00edan a cuerpos de seguridad del Estado, cuatro de la Polic\u00eda Nacional y cuatro de las Fuerzas Armadas. Hombres entrenados para proteger terminaron siendo victimarios.<\/p>\n<p>Este hecho pone en evidencia un doble problema. Por un lado, cuestiona la idoneidad de los procesos de selecci\u00f3n, monitoreo y acompa\u00f1amiento psicol\u00f3gico de quienes portan armas de fuego en representaci\u00f3n del Estado.<\/p>\n<p>Por otro, subraya la urgencia de fortalecer la formaci\u00f3n en perspectiva de g\u00e9nero y mecanismos de control interno dentro de las instituciones militares y policiales.<\/p>\n<p>EL GOBIERNO RESPONDE<\/p>\n<p><img fetchpriority=\"high\" decoding=\"async\" class=\"alignnone wp-image-27541 size-full\" src=\"https:\/\/publica.prensa-latina.cu\/wp-content\/uploads\/2025\/09\/4.jpg\" sizes=\"(max-width: 1024px) 100vw, 1024px\" srcset=\"https:\/\/publica.prensa-latina.cu\/wp-content\/uploads\/2025\/09\/4.jpg 1024w, https:\/\/publica.prensa-latina.cu\/wp-content\/uploads\/2025\/09\/4-500x375.jpg 500w, https:\/\/publica.prensa-latina.cu\/wp-content\/uploads\/2025\/09\/4-768x576.jpg 768w\" alt=\"\" width=\"1024\" height=\"768\" \/><\/p>\n<p>En respuesta, el Gobierno anunci\u00f3 una serie de medidas. Entre ellas, destaca la creaci\u00f3n del Centro Integral de Salud Mental de las Fuerzas Armadas con el prop\u00f3sito de atender la dimensi\u00f3n psicosocial de los uniformados.<\/p>\n<p>De la misma forma, el Ministerio de Interior y Polic\u00eda y la Procuradur\u00eda General trabajan en una ruta de prevenci\u00f3n, que busca involucrar al Ministerio de Educaci\u00f3n, la Direcci\u00f3n de Atenci\u00f3n a la Mujer y Violencia Intrafamiliar, y otras entidades con el fin de construir protocolos que permitan una actuaci\u00f3n a tiempo.<\/p>\n<p>La ministra de Interior y Polic\u00eda, Faride Raful, ha insistido en la necesidad de un abordaje integral que parta de la educaci\u00f3n.<\/p>\n<p>Su planteamiento apunta a un tema central: la violencia de g\u00e9nero no se erradica \u00fanicamente con casas de acogida, m\u00e1s patrullaje o endurecimiento de penas, sino con una transformaci\u00f3n cultural que comience desde la escuela.<\/p>\n<p>Para ello, los docentes, psic\u00f3logos y orientadores deben estar capacitados para identificar se\u00f1ales de abuso o maltrato, y contar con medios de notificaci\u00f3n inmediata que permitan a las autoridades una intervenci\u00f3n temprana.<\/p>\n<p>Sin embargo, los avances a\u00fan se encuentran en etapa de dise\u00f1o y anuncio.<\/p>\n<p>El an\u00e1lisis hist\u00f3rico de 2020-2024 muestra que Santo Domingo, el Distrito Nacional, Santiago de los Caballeros, San Crist\u00f3bal y La Vega concentran m\u00e1s del 50 por ciento de los casos.<\/p>\n<p>A esto se suma el reto de garantizar justicia efectiva. Organizaciones de la sociedad civil se\u00f1alan que la impunidad y la falta de seguimiento judicial son factores que perpet\u00faan la violencia.<\/p>\n<p>Las \u00f3rdenes de protecci\u00f3n a menudo se incumplen, los procesos judiciales se dilatan, y las v\u00edctimas quedan expuestas en contextos de alto riesgo.<\/p>\n<p>NUEVO C\u00d3DIGO PENAL<\/p>\n<p>Aunque la promulgaci\u00f3n del nuevo C\u00f3digo Penal, que entrar\u00e1 en vigencia en 2026, introduce nuevas tipificaciones, el \u00e9xito depender\u00e1 de la capacidad institucional para aplicarlas sin demora y sin sesgos.<\/p>\n<p>La pieza, promulgada en agosto \u00faltimo, tipifica el feminicidio como un delito aut\u00f3nomo y establece sanciones espec\u00edficas para su comisi\u00f3n.<\/p>\n<p>Establece que ser\u00e1 considerado agravado cuando se verifique alguna de las siguientes circunstancias: que la v\u00edctima sea ni\u00f1a, adolescente, adulto mayor o presente alg\u00fan tipo de discapacidad f\u00edsica o mental; cuando se cometa en presencia de familiares, la v\u00edctima est\u00e9 embarazada o privada de libertad, entre otros contextos.<\/p>\n<p>En estos casos, la pena ser\u00e1 de 40 a\u00f1os de prisi\u00f3n y una multa de hasta mil salarios m\u00ednimos.<\/p>\n<p>No obstante, su abordaje ha recibido cr\u00edticas de organizaciones de derechos humanos, acad\u00e9micos y colectivos feministas por varias razones que reflejan tanto limitaciones legales como desaf\u00edos pr\u00e1cticos de implementaci\u00f3n, sostienen.<\/p>\n<p><img decoding=\"async\" class=\"alignnone wp-image-27540 size-full\" src=\"https:\/\/publica.prensa-latina.cu\/wp-content\/uploads\/2025\/09\/3.jpeg\" sizes=\"(max-width: 860px) 100vw, 860px\" srcset=\"https:\/\/publica.prensa-latina.cu\/wp-content\/uploads\/2025\/09\/3.jpeg 860w, https:\/\/publica.prensa-latina.cu\/wp-content\/uploads\/2025\/09\/3-500x292.jpeg 500w, https:\/\/publica.prensa-latina.cu\/wp-content\/uploads\/2025\/09\/3-768x449.jpeg 768w\" alt=\"\" width=\"860\" height=\"503\" \/><\/p>\n<p>Al respecto, coinciden en que no contempla de forma adecuada el acoso sexual, callejero o digital, formas de violencia que son previas y complementarias al asesinato por g\u00e9nero.<\/p>\n<p>Tambi\u00e9n advierten que el asesinato infantil no est\u00e1 espec\u00edficamente legislado, en tanto la ley se centra principalmente en sancionar el delito, m\u00e1s que en medidas preventivas o protecci\u00f3n integral de las mujeres en riesgo.<\/p>\n<p>Anotan que, para aplicar el art\u00edculo de feminicidio, la ley exige demostrar que la v\u00edctima fue asesinada \u201cen raz\u00f3n de su g\u00e9nero\u201d.<\/p>\n<p>Respecto a lo anterior, afirman que puede generar obst\u00e1culos para los fiscales ya que la motivaci\u00f3n basada en g\u00e9nero no siempre es evidente, lo que podr\u00eda derivar en la clasificaci\u00f3n del crimen como homicidio com\u00fan en algunos casos.<\/p>\n<p>DESDE LA COMUNIDAD<\/p>\n<p>El fen\u00f3meno tambi\u00e9n debe analizarse desde una perspectiva comunitaria. En varios casos recientes, los agresores terminaron suicid\u00e1ndose tras cometer el crimen, y en dos ocasiones fueron ejecutados por la propia comunidad.<\/p>\n<p>Este tipo de respuestas sociales reflejan la desesperaci\u00f3n y la falta de confianza en la justicia formal, pero al mismo tiempo generan nuevos problemas de intimidaci\u00f3n e inseguridad.<\/p>\n<p>Frente a este panorama, el compromiso gubernamental es clave, pero no suficiente.<\/p>\n<p>Seg\u00fan expertos, entre otras medidas, requiere una ampliaci\u00f3n de las casas de acogida, garant\u00eda de la protecci\u00f3n econ\u00f3mica y social para las f\u00e9minas que decidan romper relaciones violentas, y la puesta en pr\u00e1ctica de campa\u00f1as sostenidas de sensibilizaci\u00f3n que desmonten el machismo en la vida cotidiana.<\/p>\n<p>Igualmente, es vital la incorporaci\u00f3n de las comunidades, juntas de vecinos y l\u00edderes locales en la prevenci\u00f3n, pues la violencia de g\u00e9nero no se resuelve \u00fanicamente desde las oficinas gubernamentales.<\/p>\n<p>El drama de los feminicidios en Rep\u00fablica Dominicana es, en \u00faltima instancia, un reflejo de la deuda pendiente del pa\u00eds con la igualdad de g\u00e9nero y el derecho de ese grupo de la poblaci\u00f3n a vivir libre de violencia.<\/p>\n<p>Cada caso no es solo un n\u00famero en las estad\u00edsticas, sino una vida arrebatada, una familia destruida y una sociedad marcada por la impunidad.<\/p>\n<p>La pregunta clave no es cu\u00e1ntas pol\u00edticas se anuncian, sino cu\u00e1ntas vidas se salvan. El reto sigue abierto y la urgencia es innegable: detener la violencia antes de que se materialice en otra v\u00edctima m\u00e1s.<\/p>\n<p>arb\/mpv<\/p>\n<\/div>\n<\/div>\n","protected":false},"excerpt":{"rendered":"<p>Por Mariela P\u00e9rez Valenzuela Corresponsal jefa de Prensa Latina en Rep\u00fablica Dominicana La violencia de&hellip;<\/p>\n","protected":false},"author":2,"featured_media":75364,"comment_status":"closed","ping_status":"closed","sticky":false,"template":"","format":"standard","meta":{"footnotes":""},"categories":[55,53],"tags":[],"class_list":["post-75363","post","type-post","status-publish","format-standard","has-post-thumbnail","hentry","category-nacionales","category-prensa-latina"],"_links":{"self":[{"href":"https:\/\/eldiarioantillano.com\/uno\/wp-json\/wp\/v2\/posts\/75363","targetHints":{"allow":["GET"]}}],"collection":[{"href":"https:\/\/eldiarioantillano.com\/uno\/wp-json\/wp\/v2\/posts"}],"about":[{"href":"https:\/\/eldiarioantillano.com\/uno\/wp-json\/wp\/v2\/types\/post"}],"author":[{"embeddable":true,"href":"https:\/\/eldiarioantillano.com\/uno\/wp-json\/wp\/v2\/users\/2"}],"replies":[{"embeddable":true,"href":"https:\/\/eldiarioantillano.com\/uno\/wp-json\/wp\/v2\/comments?post=75363"}],"version-history":[{"count":1,"href":"https:\/\/eldiarioantillano.com\/uno\/wp-json\/wp\/v2\/posts\/75363\/revisions"}],"predecessor-version":[{"id":75367,"href":"https:\/\/eldiarioantillano.com\/uno\/wp-json\/wp\/v2\/posts\/75363\/revisions\/75367"}],"wp:featuredmedia":[{"embeddable":true,"href":"https:\/\/eldiarioantillano.com\/uno\/wp-json\/wp\/v2\/media\/75364"}],"wp:attachment":[{"href":"https:\/\/eldiarioantillano.com\/uno\/wp-json\/wp\/v2\/media?parent=75363"}],"wp:term":[{"taxonomy":"category","embeddable":true,"href":"https:\/\/eldiarioantillano.com\/uno\/wp-json\/wp\/v2\/categories?post=75363"},{"taxonomy":"post_tag","embeddable":true,"href":"https:\/\/eldiarioantillano.com\/uno\/wp-json\/wp\/v2\/tags?post=75363"}],"curies":[{"name":"wp","href":"https:\/\/api.w.org\/{rel}","templated":true}]}}