{"id":75194,"date":"2025-09-22T00:13:55","date_gmt":"2025-09-22T04:13:55","guid":{"rendered":"https:\/\/eldiarioantillano.com\/uno\/?p=75194"},"modified":"2025-09-22T00:13:55","modified_gmt":"2025-09-22T04:13:55","slug":"catalejo-la-codicia-de-los-potentados-iv","status":"publish","type":"post","link":"https:\/\/eldiarioantillano.com\/uno\/2025\/09\/22\/catalejo-la-codicia-de-los-potentados-iv\/","title":{"rendered":"CATALEJO: La codicia de los potentados (IV)"},"content":{"rendered":"<p>Por <strong>ANULFO MATEO P\u00c9REZ<\/strong><\/p>\n<p>4 de 4<\/p>\n<p>En todas las \u00e9pocas, la historia se repite con distintos nombres y rostros: los potentados, esos hombres y mujeres que acumulan riquezas y privilegios en la sociedad como si fueran eternos, han hecho de la codicia su religi\u00f3n. Su ambici\u00f3n no conoce l\u00edmites, pues no se conforman con lo mucho que poseen.<\/p>\n<p>La codicia de los potentados no es un fantasma abstracto: tiene nombres, apellidos, partidos y grupos empresariales que desde hace d\u00e9cadas se reparten el pa\u00eds como si fuese una finca privada.<\/p>\n<p>Pol\u00edticos, empresarios y bur\u00f3cratas de alto rango han hecho de la corrupci\u00f3n, el clientelismo y el saqueo una forma de vida. Ya no es un murmullo ideol\u00f3gico, son hechos, son nombres, apellidos y tragedias.<\/p>\n<p>Los potentados tienen el control pol\u00edtico y econ\u00f3mico: manipulan leyes, instituciones y medios de comunicaci\u00f3n, y la acumulaci\u00f3n de capitales est\u00e1 siempre disfrazados de \u201cmodernizaci\u00f3n\u201d y \u201cprogreso\u201d.<\/p>\n<p>La codicia de los potentados no se mide en simples fortunas. Se expresa en el control de las instituciones, en la manipulaci\u00f3n de la opini\u00f3n p\u00fablica, en la capacidad de torcer leyes y acomodar gobiernos a su antojo.<\/p>\n<p>No se trata \u00fanicamente de empresarios voraces o pol\u00edticos corruptos, sino de una clase que se ha convencido de que el mundo existe para sostener sus privilegios. Lo grave de esa codicia es su disfraz.<\/p>\n<p>Esa clase opulenta se cubre con discursos de progreso, desarrollo y modernidad, cuando en realidad alimenta desigualdad, exclusi\u00f3n y pobreza. La respuesta de los empobrecidos debe ser la organizaci\u00f3n y la lucha.<\/p>\n<p>La concentraci\u00f3n de privilegios suele ir acompa\u00f1ada de desprecio o indiferencia hacia las condiciones de vida de las mayor\u00edas. \u00bfHasta cu\u00e1ndo el pueblo dominicano tolerar\u00e1 que los potentados vivan de su sangre y su dolor?<\/p>\n","protected":false},"excerpt":{"rendered":"<p>Por ANULFO MATEO P\u00c9REZ 4 de 4 En todas las \u00e9pocas, la historia se repite&hellip;<\/p>\n","protected":false},"author":2,"featured_media":64779,"comment_status":"closed","ping_status":"closed","sticky":false,"template":"","format":"standard","meta":{"footnotes":""},"categories":[54,55,51],"tags":[],"class_list":["post-75194","post","type-post","status-publish","format-standard","has-post-thumbnail","hentry","category-anulfo-mateo","category-nacionales","category-opinion"],"_links":{"self":[{"href":"https:\/\/eldiarioantillano.com\/uno\/wp-json\/wp\/v2\/posts\/75194","targetHints":{"allow":["GET"]}}],"collection":[{"href":"https:\/\/eldiarioantillano.com\/uno\/wp-json\/wp\/v2\/posts"}],"about":[{"href":"https:\/\/eldiarioantillano.com\/uno\/wp-json\/wp\/v2\/types\/post"}],"author":[{"embeddable":true,"href":"https:\/\/eldiarioantillano.com\/uno\/wp-json\/wp\/v2\/users\/2"}],"replies":[{"embeddable":true,"href":"https:\/\/eldiarioantillano.com\/uno\/wp-json\/wp\/v2\/comments?post=75194"}],"version-history":[{"count":1,"href":"https:\/\/eldiarioantillano.com\/uno\/wp-json\/wp\/v2\/posts\/75194\/revisions"}],"predecessor-version":[{"id":75195,"href":"https:\/\/eldiarioantillano.com\/uno\/wp-json\/wp\/v2\/posts\/75194\/revisions\/75195"}],"wp:featuredmedia":[{"embeddable":true,"href":"https:\/\/eldiarioantillano.com\/uno\/wp-json\/wp\/v2\/media\/64779"}],"wp:attachment":[{"href":"https:\/\/eldiarioantillano.com\/uno\/wp-json\/wp\/v2\/media?parent=75194"}],"wp:term":[{"taxonomy":"category","embeddable":true,"href":"https:\/\/eldiarioantillano.com\/uno\/wp-json\/wp\/v2\/categories?post=75194"},{"taxonomy":"post_tag","embeddable":true,"href":"https:\/\/eldiarioantillano.com\/uno\/wp-json\/wp\/v2\/tags?post=75194"}],"curies":[{"name":"wp","href":"https:\/\/api.w.org\/{rel}","templated":true}]}}