{"id":75190,"date":"2025-09-22T00:11:51","date_gmt":"2025-09-22T04:11:51","guid":{"rendered":"https:\/\/eldiarioantillano.com\/uno\/?p=75190"},"modified":"2025-09-22T00:12:15","modified_gmt":"2025-09-22T04:12:15","slug":"guloyas-participan-en-clausura-del-festival-del-manglar-en-montecristi","status":"publish","type":"post","link":"https:\/\/eldiarioantillano.com\/uno\/2025\/09\/22\/guloyas-participan-en-clausura-del-festival-del-manglar-en-montecristi\/","title":{"rendered":"Guloyas participan en clausura del Festival del Manglar en Montecristi"},"content":{"rendered":"<p>El popular grupo de descendientes de angloantillanos, ubicado en San Pedro de Macor\u00eds, llev\u00f3 su m\u00fasica y bailes hasta la ciudad noroestana.<\/p>\n<p><iframe title=\"Guloyas participan en clausura del Festival del Manglar en Montecristi\" width=\"563\" height=\"1000\" src=\"https:\/\/www.youtube.com\/embed\/4U_rmfow-mk?feature=oembed\" frameborder=\"0\" allow=\"accelerometer; autoplay; clipboard-write; encrypted-media; gyroscope; picture-in-picture; web-share\" referrerpolicy=\"strict-origin-when-cross-origin\" allowfullscreen><\/iframe><\/p>\n","protected":false},"excerpt":{"rendered":"<p>El popular grupo de descendientes de angloantillanos, ubicado en San Pedro de Macor\u00eds, llev\u00f3 su&hellip;<\/p>\n","protected":false},"author":2,"featured_media":75191,"comment_status":"closed","ping_status":"closed","sticky":false,"template":"","format":"standard","meta":{"footnotes":""},"categories":[57],"tags":[],"class_list":["post-75190","post","type-post","status-publish","format-standard","has-post-thumbnail","hentry","category-montecristi"],"_links":{"self":[{"href":"https:\/\/eldiarioantillano.com\/uno\/wp-json\/wp\/v2\/posts\/75190","targetHints":{"allow":["GET"]}}],"collection":[{"href":"https:\/\/eldiarioantillano.com\/uno\/wp-json\/wp\/v2\/posts"}],"about":[{"href":"https:\/\/eldiarioantillano.com\/uno\/wp-json\/wp\/v2\/types\/post"}],"author":[{"embeddable":true,"href":"https:\/\/eldiarioantillano.com\/uno\/wp-json\/wp\/v2\/users\/2"}],"replies":[{"embeddable":true,"href":"https:\/\/eldiarioantillano.com\/uno\/wp-json\/wp\/v2\/comments?post=75190"}],"version-history":[{"count":2,"href":"https:\/\/eldiarioantillano.com\/uno\/wp-json\/wp\/v2\/posts\/75190\/revisions"}],"predecessor-version":[{"id":75193,"href":"https:\/\/eldiarioantillano.com\/uno\/wp-json\/wp\/v2\/posts\/75190\/revisions\/75193"}],"wp:featuredmedia":[{"embeddable":true,"href":"https:\/\/eldiarioantillano.com\/uno\/wp-json\/wp\/v2\/media\/75191"}],"wp:attachment":[{"href":"https:\/\/eldiarioantillano.com\/uno\/wp-json\/wp\/v2\/media?parent=75190"}],"wp:term":[{"taxonomy":"category","embeddable":true,"href":"https:\/\/eldiarioantillano.com\/uno\/wp-json\/wp\/v2\/categories?post=75190"},{"taxonomy":"post_tag","embeddable":true,"href":"https:\/\/eldiarioantillano.com\/uno\/wp-json\/wp\/v2\/tags?post=75190"}],"curies":[{"name":"wp","href":"https:\/\/api.w.org\/{rel}","templated":true}]}}