{"id":75098,"date":"2025-09-17T02:11:57","date_gmt":"2025-09-17T06:11:57","guid":{"rendered":"https:\/\/eldiarioantillano.com\/uno\/?p=75098"},"modified":"2025-09-17T02:14:23","modified_gmt":"2025-09-17T06:14:23","slug":"75098","status":"publish","type":"post","link":"https:\/\/eldiarioantillano.com\/uno\/2025\/09\/17\/75098\/","title":{"rendered":"Los cuerpos de las mujeres"},"content":{"rendered":"<p><span style=\"color: #000000;\"><span lang=\"es-ES\">Los cr\u00edmenes de violaciones grupales que salieron a la luz recientemente son un s\u00edntoma, no una excepci\u00f3n. La buena noticia es que todo el mundo podemos ayudar para que dejen de ocurrir.<\/span><\/span><\/p>\n<p>&nbsp;<\/p>\n<p style=\"text-align: left;\" align=\"right\"><span style=\"color: #000000;\"><span lang=\"es-ES\">Por ESTHER HERN\u00c1NDEZ MEDINA<\/span><\/span><\/p>\n<p align=\"right\"><span style=\"color: #000000;\"><span lang=\"es-ES\"><i>La gran mayor\u00eda de los hombres no son violentos.<br \/>\nPero los hombres <\/i><\/span><\/span><span style=\"color: #000000;\"><span lang=\"es-ES\"><i>necesitan dejar de guardar silencio<\/i><\/span><\/span><span style=\"color: #000000;\"><span lang=\"es-ES\"><br \/>\nDon McPherson<\/span><\/span><\/p>\n<p><span style=\"color: #000000;\"><span lang=\"es-ES\">Les propongo un ejercicio a mis apreciados lectores varones y solicito la paciencia de mis apreciadas lectoras; la mayor\u00eda de las cuales sospecho que deducir\u00e1n r\u00e1pidamente ad\u00f3nde quiero llegar. Amables lectores, imag\u00ednense por un momento que est\u00e1n en una calle o lugar desconocido para ustedes. Es de noche, la calle est\u00e1 oscura, no hay luces ni del alumbrado p\u00fablico ni de negocios cercanos y el lugar est\u00e1 desierto. No hay personas sentadas frente a sus casas ni caminando en las cercan\u00edas. \u00bfSienten miedo o por lo menos un poco de preocupaci\u00f3n? S\u00ed, yo s\u00e9, en nuestra cultura se ve mal que un hombre sienta temor, pero no se lo tienen que contar a nadie. Es una pregunta solo para ustedes. Si sienten miedo ante este escenario imaginado, \u00bfes miedo a qu\u00e9? \u00bfCu\u00e1les son las posibilidades que les vienen a la cabeza? Luego, cuando tengan tiempo, preg\u00fantenles a algunas de las mujeres en sus vidas sus respuestas a las mismas preguntas y comp\u00e1renlas con las suyas. (Si quieren, les pueden compartir lo que contestaron ustedes y lo que planteo m\u00e1s adelante y tener una conversaci\u00f3n al respecto. Si se toman el tiempo para escucharlas, les aseguro que ser\u00e1 un di\u00e1logo muy interesante).<\/span><\/span><\/p>\n<p><span style=\"color: #000000;\"><span lang=\"es-ES\">Cuando se hace este ejercicio en diferentes pa\u00edses y contextos (yo lo he hecho facilitando talleres en varias ocasiones), las respuestas de los hombres generalmente se refieren a la posibilidad de ser asaltados. Cuando se les hace la misma pregunta a las mujeres, el temor principal es a ser violadas. Otra versi\u00f3n del ejercicio es preguntarle a cada grupo cu\u00e1les son las medidas que toman todos los d\u00edas para protegerse de la violencia sexual. Por ejemplo, cuando esta din\u00e1mica se hace en universidades y escuelas en EE. UU., los estudiantes varones contestan que no toman ninguna medida y se sorprenden de las detalladas y precisas que son las respuestas de sus compa\u00f1eras de clase. En otras palabras, les asombra lo presente que est\u00e1 la posibilidad constante de la violaci\u00f3n y la violencia sexual en general en la vida de las mujeres; una posibilidad que la gran mayor\u00eda de ellos nunca considera. Lo mismo se ha visto en diferentes estudios. En uno de los m\u00e1s recientes, realizado en 2019 en dos provincias del sur de Espa\u00f1a, las mujeres j\u00f3venes nuevamente plantearon que su temor principal era a ser violadas, mientras que los hombres j\u00f3venes ten\u00edan miedo de ser asaltados o verse involucrados en una pelea. <\/span><\/span><\/p>\n<p><span style=\"color: #000000;\"><span lang=\"es-ES\">El ejercicio no es totalmente preciso porque estudios realizados en diferentes lugares, incluyendo Rep\u00fablica Dominicana, muestran que parte importante de las mujeres, j\u00f3venes y ni\u00f1as que son v\u00edctimas de violencia (incluyendo la violencia sexual) lo son a manos de hombres que conocen, no solo en una calle oscura por parte de desconocidos. Muchos de sus victimarios son sus parejas y exparejas, padres, hermanos y otros miembros de su c\u00edrculo m\u00e1s cercano, incluyendo figuras de autoridad. Sin embargo, imaginarnos este escenario nos ayuda a sacar a la luz lo com\u00fan que es la experiencia de la violencia sexual para las mujeres y el hecho de que sus temores no est\u00e1n infundados. <\/span><\/span><\/p>\n<p><span style=\"color: #000000;\"><span lang=\"es-ES\">Es importante recordar que la mayor\u00eda de los hombres no se convierten en violadores y que se puede ser hombre sin utilizar ning\u00fan tipo de violencia, como destaca Don McPherson, el exjugador de f\u00fatbol en EE. UU. que se dedica a educar a los hombres j\u00f3venes para prevenir la violencia contra las mujeres. Pero para poder reducir y eventualmente eliminar la violencia sexual tambi\u00e9n necesitamos tomar en cuenta que casi todos los violadores de mujeres (tanto biol\u00f3gicas como trans), otros hombres, ni\u00f1os y ni\u00f1as, son hombres como tambi\u00e9n plantea McPherson. Hace mucho que se sabe, por ejemplo, que a nivel mundial <\/span><\/span><a href=\"https:\/\/www.unwomen.org\/es\/articulos\/datos-y-cifras\/datos-y-cifras-violencia-contra-las-mujeres#:~:text=Escala%20mundial%20de%20la%20violencia,de%20las%20mujeres%20de%2015\"><span style=\"color: #467886;\"><u><span style=\"color: #000000;\"><span lang=\"es-ES\">casi una de cada tres mujeres <\/span><\/span><\/u><\/span><span style=\"color: #467886;\"><u><span style=\"color: #000000;\"><span lang=\"es-ES\">ha sido v\u00edctima de violencia f\u00edsica o sexual<\/span><\/span><\/u><\/span><\/a><span style=\"color: #000000;\"><span lang=\"es-ES\"> por parte de su pareja, de violencia sexual fuera de la pareja o de ambas al menos una vez en su vida (el 30 por ciento de las mujeres de 15 a\u00f1os o m\u00e1s).<\/span><\/span><span style=\"color: #000000;\"><span lang=\"es-ES\"> En el caso de nuestro pa\u00eds, como destacaba la <\/span><\/span><span style=\"color: #467886;\"><u><a href=\"https:\/\/acento.com.do\/amp\/opinion\/nuestros-cuerpos-territorios-violentados-9544953.html\"><span style=\"color: #000000;\"><span lang=\"es-ES\">periodista Riamny M\u00e9ndez<\/span><\/span><\/a><\/u><\/span><span style=\"color: #000000;\"><span lang=\"es-ES\">, el <\/span><\/span><span style=\"color: #467886;\"><u><a href=\"https:\/\/acento.com.do\/actualidad\/investigacion-revela-que-44-de-las-mujeres-ha-sido-victima-de-algun-tipo-de-agresion-sexual-9476223.html\"><span style=\"color: #000000;\"><span lang=\"es-ES\">44% de las mujeres dominicanas<\/span><\/span><\/a><\/u><\/span><span style=\"color: #000000;\"><span lang=\"es-ES\"> han sido v\u00edctimas de alg\u00fan tipo de violencia sexual. De hecho, el 12% de las encuestadas en el mismo estudio sufri\u00f3 intento de violaci\u00f3n y un 8.7% fueron violadas. Y la aplastante mayor\u00eda no denunci\u00f3 lo que les pas\u00f3. Como sabemos por otros estudios y por la <\/span><\/span><span style=\"color: #467886;\"><u><a href=\"https:\/\/periodismoinvestigativo.com\/2024\/08\/victimas-violacion-dominicanas-desproteccion-injusticias\/\"><span style=\"color: #000000;\"><span lang=\"es-ES\">labor de investigaci\u00f3n de profesionales de la comunicaci\u00f3n<\/span><\/span><\/a><\/u><\/span><span style=\"color: #000000;\"><span lang=\"es-ES\">, muchas mujeres no denuncian por falta de informaci\u00f3n sobre sus derechos o por temor a la falta de sensibilidad con que muchas y muchos polic\u00edas, fiscales y otras personas todav\u00eda muestran ante estos cr\u00edmenes en ocasiones hasta protegiendo a los agresores. <\/span><\/span><\/p>\n<p><a name=\"OLE_LINK1\"><\/a> <span style=\"color: #000000;\"><span lang=\"es-ES\">Es en este contexto que hay que entender los cr\u00edmenes de las violaciones grupales que tanta atenci\u00f3n han generado en nuestro pa\u00eds recientemente. Las feministas tenemos d\u00e9cadas advirtiendo que la violencia contra las mujeres es un problema social. No es un tema de unos cuantos hombres malos que se comportan como \u201canimales\u201d, como todav\u00eda piensa mucha gente, seg\u00fan se puede ver en los medios y en las redes sociales. Por el contrario, como <\/span><\/span><span style=\"color: #467886;\"><u><a href=\"https:\/\/www.diariolibre.com\/opinion\/columnistas\/2025\/09\/04\/no-son-bestias-son-hombres-con-derecho-a-violar\/3234144#google_vignette\"><span style=\"color: #000000;\"><span lang=\"es-ES\">destacaba Clotilde Parra, la tendencia a aislar la violencia sexual como cr\u00edmenes excepcionales<\/span><\/span><\/a><\/u><\/span><span style=\"color: #000000;\"><span lang=\"es-ES\"> solo hace que sea m\u00e1s dif\u00edcil de resolver. Cuando seguimos esa l\u00f3gica dejamos de ver la frecuencia con que se comete en nuestro pa\u00eds como tantas veces ha denunciado la <\/span><\/span><span style=\"color: #467886;\"><u><a href=\"https:\/\/acento.com.do\/opinion\/violaciones-sexuales-su-arraigo-social-9547517.html\"><span style=\"color: #000000;\"><span lang=\"es-ES\">antrop\u00f3loga Tahira Vargas<\/span><\/span><\/a><\/u><\/span><span style=\"color: #000000;\"><span lang=\"es-ES\"> y como nos record\u00f3 Parra con los datos de la Procuradur\u00eda General de la Rep\u00fablica de enero a junio de este a\u00f1o: en ese per\u00edodo se denunciaron 1,795 violaciones sexuales tipificadas como violaci\u00f3n sexual, incesto o usando el eufemismo medieval de \u201cseducci\u00f3n de menores\u201d.<\/span><\/span><\/p>\n<p><span style=\"color: #000000;\"><span lang=\"es-ES\">Por el contrario, la violencia sexual es el resultado de la forma en que, como sociedad, vemos a las mujeres como seres inferiores y sus cuerpos como objetos que \u201cpertenecen\u201d a los hombres y que estos pueden utilizar como y cuando prefieran. (Y lamentablemente esta forma tan da\u00f1ina de pensar la tiene <\/span><\/span><span style=\"color: #467886;\"><u><a href=\"https:\/\/acento.com.do\/opinion\/la-maldicion-de-los-mangos-bajitos-9536353.html\"><span style=\"color: #000000;\"><span lang=\"es-ES\">hasta gente que nos representa en el Congreso<\/span><\/span><\/a><\/u><\/span><span style=\"color: #000000;\"><span lang=\"es-ES\"> como vimos en los debates del C\u00f3digo Penal). Todas las violaciones (sean dentro o fuera del matrimonio, sean en la casa o en la calle, sean de mujeres, de hombres, de ni\u00f1os o ni\u00f1as) son ante todo reflejo de una forma muy negativa de masculinidad que tiene la necesidad de controlar a otras personas como uno de sus pilares. Y el control de los cuerpos de las mujeres de todas las edades y de todo lo que se asocia con lo femenino es una parte fundamental de ese pilar. <\/span><\/span><\/p>\n<p><span style=\"color: #000000;\"><span lang=\"es-ES\">Entender que la violencia sexual es un problema social es una verdad muy inc\u00f3moda porque significa que todo el mundo tenemos una cuota de responsabilidad. Pero lo bueno es que, por esa misma raz\u00f3n, todas las personas podemos contribuir a que desaparezca, como plante\u00f3 <\/span><\/span><span style=\"color: #467886;\"><u><a href=\"https:\/\/acento.com.do\/amp\/opinion\/drogas-violacion-sexual-de-genero-por-seis-hombres-y-el-internet-9543960.html\"><span style=\"color: #000000;\"><span lang=\"es-ES\">Mildred Mata, una de las principales expertas feministas<\/span><\/span><\/a><\/u><\/span><span style=\"color: #000000;\"><span lang=\"es-ES\"> en violencia de g\u00e9nero del pa\u00eds. Cada vez que uno de ustedes, mis apreciados lectores, decide hacerse las preguntas que les suger\u00ed al principio o sostener conversaciones basadas en la empat\u00eda como las que les mencion\u00e9 con sus amigas, hermanas o compa\u00f1eras de trabajo, nos ayudan a desmontar los prejuicios que sostienen este tipo de violencia. Cada vez que una de ustedes, mis apreciadas lectoras, se niega a descalificar a otras mujeres preguntando qu\u00e9 ropa llevaban o \u201c\u00bfqu\u00e9 hicieron?\u201d, cuando fueron v\u00edctimas de una violaci\u00f3n o intento de violaci\u00f3n, nos ayudan a construir una <\/span><\/span><span style=\"color: #467886;\"><u><a href=\"https:\/\/acento.com.do\/opinion\/una-cultura-del-cuidado-9487935.html\"><span style=\"color: #000000;\"><span lang=\"es-ES\">sociedad centrada en el cuidado<\/span><\/span><\/a><\/u><\/span><span style=\"color: #000000;\"><span lang=\"es-ES\"> y no en la revictimizaci\u00f3n de las personas y los grupos m\u00e1s vulnerables. <\/span><\/span><\/p>\n<p><span style=\"color: #000000;\"><span lang=\"es-ES\">Aunque no lo parezca, es mucho lo que podemos hacer para que nuestra sociedad cambie. Ayudamos a eliminar la violencia sexual cuando todas las personas ayudamos a criar y educar <\/span><\/span><span style=\"color: #467886;\"><u><a href=\"https:\/\/acento.com.do\/opinion\/los-varones-dulces-9287529.html\"><span style=\"color: #000000;\"><span lang=\"es-ES\">hombres dulces<\/span><\/span><\/a><\/u><\/span><span style=\"color: #000000;\"><span lang=\"es-ES\"> que no tienen miedo a mostrar amor y empat\u00eda y no ejercen violencia, cuando salimos a exigirle a las autoridades y en solidaridad con las v\u00edctimas de estos cr\u00edmenes terribles como hizo la comunidad de Villa Gonz\u00e1lez o cuando nos negamos a ver y reenviar fotos y videos hechos sin el consentimiento de las mujeres, j\u00f3venes o ni\u00f1as fotografiadas o filmadas. Tambi\u00e9n ayudamos a combatir la violencia sexual cuando les creemos a las v\u00edctimas de este tipo de violencia o cuando nos atrevemos a llamar la atenci\u00f3n a las amistades que minimizan el da\u00f1o que genera o que culpan a las v\u00edctimas. Si nos vamos a las causas del problema, tenemos mucho m\u00e1s poder de lo que creemos. Podemos y debemos hacer mucho m\u00e1s. <\/span><\/span><\/p>\n","protected":false},"excerpt":{"rendered":"<p>Los cr\u00edmenes de violaciones grupales que salieron a la luz recientemente son un s\u00edntoma, no&hellip;<\/p>\n","protected":false},"author":2,"featured_media":66217,"comment_status":"closed","ping_status":"closed","sticky":false,"template":"","format":"standard","meta":{"footnotes":""},"categories":[70,55,51],"tags":[],"class_list":["post-75098","post","type-post","status-publish","format-standard","has-post-thumbnail","hentry","category-esther-hernandez-medina","category-nacionales","category-opinion"],"_links":{"self":[{"href":"https:\/\/eldiarioantillano.com\/uno\/wp-json\/wp\/v2\/posts\/75098","targetHints":{"allow":["GET"]}}],"collection":[{"href":"https:\/\/eldiarioantillano.com\/uno\/wp-json\/wp\/v2\/posts"}],"about":[{"href":"https:\/\/eldiarioantillano.com\/uno\/wp-json\/wp\/v2\/types\/post"}],"author":[{"embeddable":true,"href":"https:\/\/eldiarioantillano.com\/uno\/wp-json\/wp\/v2\/users\/2"}],"replies":[{"embeddable":true,"href":"https:\/\/eldiarioantillano.com\/uno\/wp-json\/wp\/v2\/comments?post=75098"}],"version-history":[{"count":2,"href":"https:\/\/eldiarioantillano.com\/uno\/wp-json\/wp\/v2\/posts\/75098\/revisions"}],"predecessor-version":[{"id":75101,"href":"https:\/\/eldiarioantillano.com\/uno\/wp-json\/wp\/v2\/posts\/75098\/revisions\/75101"}],"wp:featuredmedia":[{"embeddable":true,"href":"https:\/\/eldiarioantillano.com\/uno\/wp-json\/wp\/v2\/media\/66217"}],"wp:attachment":[{"href":"https:\/\/eldiarioantillano.com\/uno\/wp-json\/wp\/v2\/media?parent=75098"}],"wp:term":[{"taxonomy":"category","embeddable":true,"href":"https:\/\/eldiarioantillano.com\/uno\/wp-json\/wp\/v2\/categories?post=75098"},{"taxonomy":"post_tag","embeddable":true,"href":"https:\/\/eldiarioantillano.com\/uno\/wp-json\/wp\/v2\/tags?post=75098"}],"curies":[{"name":"wp","href":"https:\/\/api.w.org\/{rel}","templated":true}]}}