{"id":75094,"date":"2025-09-17T02:04:44","date_gmt":"2025-09-17T06:04:44","guid":{"rendered":"https:\/\/eldiarioantillano.com\/uno\/?p=75094"},"modified":"2025-09-17T02:05:08","modified_gmt":"2025-09-17T06:05:08","slug":"confirman-participacion-de-ramon-orlando-en-festival-del-manglar","status":"publish","type":"post","link":"https:\/\/eldiarioantillano.com\/uno\/2025\/09\/17\/confirman-participacion-de-ramon-orlando-en-festival-del-manglar\/","title":{"rendered":"Confirman participaci\u00f3n de Ram\u00f3n Orlando en Festival del Manglar"},"content":{"rendered":"<div id=\":cr\" class=\"ii gt\">\n<div id=\":cq\" class=\"a3s aiL \">\n<div dir=\"auto\">La informaci\u00f3n fue dada a conocer por la profesora Estela Abreu, del comit\u00e9 organizador de las actividades que iniciar\u00e1n este viernes 19 hasta el domingo.<\/div>\n<div class=\"yj6qo\"><\/div>\n<div class=\"adL\"><\/div>\n<\/div>\n<\/div>\n<div id=\":cw\" class=\"hq gt\"><\/div>\n","protected":false},"excerpt":{"rendered":"<p>La informaci\u00f3n fue dada a conocer por la profesora Estela Abreu, del comit\u00e9 organizador de&hellip;<\/p>\n","protected":false},"author":2,"featured_media":75095,"comment_status":"closed","ping_status":"closed","sticky":false,"template":"","format":"standard","meta":{"footnotes":""},"categories":[57],"tags":[],"class_list":["post-75094","post","type-post","status-publish","format-standard","has-post-thumbnail","hentry","category-montecristi"],"_links":{"self":[{"href":"https:\/\/eldiarioantillano.com\/uno\/wp-json\/wp\/v2\/posts\/75094","targetHints":{"allow":["GET"]}}],"collection":[{"href":"https:\/\/eldiarioantillano.com\/uno\/wp-json\/wp\/v2\/posts"}],"about":[{"href":"https:\/\/eldiarioantillano.com\/uno\/wp-json\/wp\/v2\/types\/post"}],"author":[{"embeddable":true,"href":"https:\/\/eldiarioantillano.com\/uno\/wp-json\/wp\/v2\/users\/2"}],"replies":[{"embeddable":true,"href":"https:\/\/eldiarioantillano.com\/uno\/wp-json\/wp\/v2\/comments?post=75094"}],"version-history":[{"count":2,"href":"https:\/\/eldiarioantillano.com\/uno\/wp-json\/wp\/v2\/posts\/75094\/revisions"}],"predecessor-version":[{"id":75097,"href":"https:\/\/eldiarioantillano.com\/uno\/wp-json\/wp\/v2\/posts\/75094\/revisions\/75097"}],"wp:featuredmedia":[{"embeddable":true,"href":"https:\/\/eldiarioantillano.com\/uno\/wp-json\/wp\/v2\/media\/75095"}],"wp:attachment":[{"href":"https:\/\/eldiarioantillano.com\/uno\/wp-json\/wp\/v2\/media?parent=75094"}],"wp:term":[{"taxonomy":"category","embeddable":true,"href":"https:\/\/eldiarioantillano.com\/uno\/wp-json\/wp\/v2\/categories?post=75094"},{"taxonomy":"post_tag","embeddable":true,"href":"https:\/\/eldiarioantillano.com\/uno\/wp-json\/wp\/v2\/tags?post=75094"}],"curies":[{"name":"wp","href":"https:\/\/api.w.org\/{rel}","templated":true}]}}