{"id":75045,"date":"2025-09-12T23:39:59","date_gmt":"2025-09-13T03:39:59","guid":{"rendered":"https:\/\/eldiarioantillano.com\/uno\/?p=75045"},"modified":"2025-09-12T23:39:59","modified_gmt":"2025-09-13T03:39:59","slug":"psicologa-palestina-denuncia-sufrimiento-de-ninos-autistas-en-gaza","status":"publish","type":"post","link":"https:\/\/eldiarioantillano.com\/uno\/2025\/09\/12\/psicologa-palestina-denuncia-sufrimiento-de-ninos-autistas-en-gaza\/","title":{"rendered":"Psic\u00f3loga palestina denuncia sufrimiento de ni\u00f1os autistas en Gaza"},"content":{"rendered":"<p>Ramala,\u00a0 (Prensa Latina) La guerra desatada por Israel contra la Franja de Gaza aument\u00f3 el sufrimiento de los ni\u00f1os en el territorio, en especial aquellos que sufren autismo, denunci\u00f3 hoy la psic\u00f3loga Diaa Abu Aoun.<\/p>\n<p>En declaraciones a la prensa, la especialista se\u00f1al\u00f3 que unos 10 mil menores sufren ese trastorno neurol\u00f3gico en el enclave costero, lo cual representa dos por ciento del total.<\/p>\n<p>Los sonidos de los bombardeos y las explosiones exacerban los s\u00edntomas del autismo, como el aislamiento, la irritabilidad y la mala comunicaci\u00f3n, subray\u00f3.<\/p>\n<p>Abu Aoun destac\u00f3 que a esos ni\u00f1os les cuesta comprender la situaci\u00f3n en tiempos de guerra, lo que aumenta sus niveles de ansiedad y estr\u00e9s.<\/p>\n<p>Enfatiz\u00f3 que la falta de recursos y el cierre de centros de rehabilitaci\u00f3n por los ataques israel\u00edes los privaron de apoyo y atenci\u00f3n psicol\u00f3gica esenciales.<\/p>\n<p>Al menos 21 mil ni\u00f1os gazat\u00edes quedaron discapacitados desde octubre de 2023 por los bombardeos y las operaciones terrestres de Israel en ese territorio palestino, critic\u00f3 un reciente informe divulgado por la ONU.<\/p>\n<p>Hace dos semanas, el Ministerio de Salud del territorio alert\u00f3 que m\u00e1s de 500 mil menores en la Franja est\u00e1n amenazados por epidemias como resultado de la agresi\u00f3n israel\u00ed.<\/p>\n<p>En declaraciones a la agencia de noticias Safa, Ayman Abu Rahma, director del departamento de medicina preventiva de esa cartera, explic\u00f3 que los renovados ataques castrenses provocaron un aumento significativo en la propagaci\u00f3n de enfermedades infecciosas debido a los desplazamientos repetidos y al colapso total del sistema de salud.<\/p>\n<p>En agosto, el Organismo de Obras P\u00fablicas y Socorro de las Naciones Unidas para los Refugiados de Palestina en Oriente Medio asegur\u00f3 que los ni\u00f1os son los m\u00e1s afectados por el conflicto.<\/p>\n<p>ale\/rob<\/p>\n<p>&nbsp;<\/p>\n","protected":false},"excerpt":{"rendered":"<p>Ramala,\u00a0 (Prensa Latina) La guerra desatada por Israel contra la Franja de Gaza aument\u00f3 el&hellip;<\/p>\n","protected":false},"author":2,"featured_media":75046,"comment_status":"closed","ping_status":"closed","sticky":false,"template":"","format":"standard","meta":{"footnotes":""},"categories":[52,53],"tags":[],"class_list":["post-75045","post","type-post","status-publish","format-standard","has-post-thumbnail","hentry","category-internacionales","category-prensa-latina"],"_links":{"self":[{"href":"https:\/\/eldiarioantillano.com\/uno\/wp-json\/wp\/v2\/posts\/75045","targetHints":{"allow":["GET"]}}],"collection":[{"href":"https:\/\/eldiarioantillano.com\/uno\/wp-json\/wp\/v2\/posts"}],"about":[{"href":"https:\/\/eldiarioantillano.com\/uno\/wp-json\/wp\/v2\/types\/post"}],"author":[{"embeddable":true,"href":"https:\/\/eldiarioantillano.com\/uno\/wp-json\/wp\/v2\/users\/2"}],"replies":[{"embeddable":true,"href":"https:\/\/eldiarioantillano.com\/uno\/wp-json\/wp\/v2\/comments?post=75045"}],"version-history":[{"count":1,"href":"https:\/\/eldiarioantillano.com\/uno\/wp-json\/wp\/v2\/posts\/75045\/revisions"}],"predecessor-version":[{"id":75047,"href":"https:\/\/eldiarioantillano.com\/uno\/wp-json\/wp\/v2\/posts\/75045\/revisions\/75047"}],"wp:featuredmedia":[{"embeddable":true,"href":"https:\/\/eldiarioantillano.com\/uno\/wp-json\/wp\/v2\/media\/75046"}],"wp:attachment":[{"href":"https:\/\/eldiarioantillano.com\/uno\/wp-json\/wp\/v2\/media?parent=75045"}],"wp:term":[{"taxonomy":"category","embeddable":true,"href":"https:\/\/eldiarioantillano.com\/uno\/wp-json\/wp\/v2\/categories?post=75045"},{"taxonomy":"post_tag","embeddable":true,"href":"https:\/\/eldiarioantillano.com\/uno\/wp-json\/wp\/v2\/tags?post=75045"}],"curies":[{"name":"wp","href":"https:\/\/api.w.org\/{rel}","templated":true}]}}