{"id":74977,"date":"2025-09-08T00:45:51","date_gmt":"2025-09-08T04:45:51","guid":{"rendered":"https:\/\/eldiarioantillano.com\/uno\/?p=74977"},"modified":"2025-09-08T00:46:10","modified_gmt":"2025-09-08T04:46:10","slug":"organizadores-del-festival-del-manglar-exhortan-artesanos-a-llevar-productos","status":"publish","type":"post","link":"https:\/\/eldiarioantillano.com\/uno\/2025\/09\/08\/organizadores-del-festival-del-manglar-exhortan-artesanos-a-llevar-productos\/","title":{"rendered":"Organizadores del Festival del Manglar exhortan artesanos a llevar productos"},"content":{"rendered":"<div id=\":b0\" class=\"ii gt\">\n<div dir=\"auto\">\n<div id=\":am\" class=\"ii gt\">\n<div id=\":al\" class=\"a3s aiL \">\n<div dir=\"auto\">La profesora Estela Abreu inform\u00f3 que deben tener organizadas sus creaciones desde el viernes en la ma\u00f1ana en el Club del Comercio porque el Festival comienza en la tarde del d\u00eda 19 de septiembre.<\/div>\n<div class=\"yj6qo\"><\/div>\n<div class=\"adL\"><\/div>\n<\/div>\n<\/div>\n<div id=\":br\" class=\"hq gt\"><\/div>\n<\/div>\n<div id=\":a8\" class=\"a3s aiL \">\n<div class=\"yj6qo\"><\/div>\n<div class=\"adL\"><\/div>\n<\/div>\n<\/div>\n<div id=\":bo\" class=\"hq gt\"><\/div>\n","protected":false},"excerpt":{"rendered":"<p>La profesora Estela Abreu inform\u00f3 que deben tener organizadas sus creaciones desde el viernes en&hellip;<\/p>\n","protected":false},"author":2,"featured_media":74980,"comment_status":"closed","ping_status":"closed","sticky":false,"template":"","format":"standard","meta":{"footnotes":""},"categories":[57],"tags":[],"class_list":["post-74977","post","type-post","status-publish","format-standard","has-post-thumbnail","hentry","category-montecristi"],"_links":{"self":[{"href":"https:\/\/eldiarioantillano.com\/uno\/wp-json\/wp\/v2\/posts\/74977","targetHints":{"allow":["GET"]}}],"collection":[{"href":"https:\/\/eldiarioantillano.com\/uno\/wp-json\/wp\/v2\/posts"}],"about":[{"href":"https:\/\/eldiarioantillano.com\/uno\/wp-json\/wp\/v2\/types\/post"}],"author":[{"embeddable":true,"href":"https:\/\/eldiarioantillano.com\/uno\/wp-json\/wp\/v2\/users\/2"}],"replies":[{"embeddable":true,"href":"https:\/\/eldiarioantillano.com\/uno\/wp-json\/wp\/v2\/comments?post=74977"}],"version-history":[{"count":2,"href":"https:\/\/eldiarioantillano.com\/uno\/wp-json\/wp\/v2\/posts\/74977\/revisions"}],"predecessor-version":[{"id":74982,"href":"https:\/\/eldiarioantillano.com\/uno\/wp-json\/wp\/v2\/posts\/74977\/revisions\/74982"}],"wp:featuredmedia":[{"embeddable":true,"href":"https:\/\/eldiarioantillano.com\/uno\/wp-json\/wp\/v2\/media\/74980"}],"wp:attachment":[{"href":"https:\/\/eldiarioantillano.com\/uno\/wp-json\/wp\/v2\/media?parent=74977"}],"wp:term":[{"taxonomy":"category","embeddable":true,"href":"https:\/\/eldiarioantillano.com\/uno\/wp-json\/wp\/v2\/categories?post=74977"},{"taxonomy":"post_tag","embeddable":true,"href":"https:\/\/eldiarioantillano.com\/uno\/wp-json\/wp\/v2\/tags?post=74977"}],"curies":[{"name":"wp","href":"https:\/\/api.w.org\/{rel}","templated":true}]}}