{"id":74972,"date":"2025-09-07T01:18:02","date_gmt":"2025-09-07T05:18:02","guid":{"rendered":"https:\/\/eldiarioantillano.com\/uno\/?p=74972"},"modified":"2025-09-07T01:18:02","modified_gmt":"2025-09-07T05:18:02","slug":"de-pesimismo-y-optimismo","status":"publish","type":"post","link":"https:\/\/eldiarioantillano.com\/uno\/2025\/09\/07\/de-pesimismo-y-optimismo\/","title":{"rendered":"De pesimismo y optimismo"},"content":{"rendered":"<p style=\"text-align: left;\" align=\"center\">Por C\u00c9SAR P\u00c9REZ<\/p>\n<p align=\"justify\"><span style=\"color: #000000;\"><span style=\"font-family: Arial, serif;\">En el juicio a Antonio Gramsci, el juez dijo: \u201cd<\/span><\/span><span style=\"color: #191919;\"><span style=\"font-family: Arial, serif;\">urante 20 a\u00f1os debemos impedir que este cerebro funcione\u201d. Ten\u00eda raz\u00f3n, desde su l\u00f3gica e inter\u00e9s del r\u00e9gimen <\/span><\/span><span style=\"color: #000000;\"><span style=\"font-family: Arial, serif;\">fascista que representaba<\/span><\/span><span style=\"color: #191919;\"><span style=\"font-family: Arial, serif;\">, porque se trataba del<\/span><\/span><span style=\"color: #000000;\"><span style=\"font-family: Arial, serif;\"> cerebro del m\u00e1s l\u00facido pensador marxista de Europa occidental. A este s\u00f3lido intelectual org\u00e1nico de los trabajadores le debemos la expresi\u00f3n: \u201coptimismo de la inteligencia y pesimismo de la voluntad\u201d, la cual viene muy a cuento para discernir sobre el impacto que tienen sobre nuestra sociedad los recurrentes hechos de violencia ocurridos en los \u00faltimos d\u00edas. Adem\u00e1s, para reflexionar sobre algunos datos que arrojan diversos estudios para poder entender y enfrentar con objetividad el momento que vivimos. Los hechos, como los datos motivan el pesimismo, es natural, pero tambi\u00e9n voluntad para enfrentarlo, optimismo.<\/span><\/span><\/p>\n<p align=\"justify\"><span style=\"color: #000000;\"><span style=\"font-family: Arial, serif;\">Es curioso, pero los sistem\u00e1ticos y brutales actos de violencia indiscriminada contra ciudadanos haitianos o de origen, durante m\u00e1s de un a\u00f1o, les han seguido diversos hechos de violencia, algunos mortales, entre ciudadanos e intrafamiliares que, con ansiedad, muchos se preguntan c\u00f3mo hemos llegado a estos niveles de barbarie y si estos no son signos de que, como sociedad transitamos un indetenible camino hacia la perdici\u00f3n. Profundizamos la lastimosa primac\u00eda a nivel mundial en cuanto a muertes por accidentes de tr\u00e1nsito, se multiplican los operativos policiales contra supuestos o reales delincuentes, en los cuales sistem\u00e1ticamente algunos de estos son eliminados a tiros, m\u00e1s que en ning\u00fan otro de la regi\u00f3n. Entre las justificaciones de ese m\u00e9todo se recurre a la lenidad de la Justicia. Una inaceptable barbaridad\u2026<\/span><\/span><\/p>\n<p align=\"justify\"><span style=\"color: #000000;\"><span style=\"font-family: Arial, serif;\">Otra expresi\u00f3n de violencia es la que ocurre en los centros educativos, un fen\u00f3meno denunciado en algunas escuelas del sector p\u00fablico, como sucede en ciertas zonas urbanas degradas de algunos pa\u00edses, incluso de alto nivel de desarrollo, como los EE. UU.. A esas acciones vand\u00e1licas se agregan datos que evidencian que, m\u00e1s que injusto, ha sido criminal el virtual abandono del Estado dominicano hace varias d\u00e9cadas de su responsabilidad para promover educaci\u00f3n p\u00fablica de calidad. Las consecuencias de ese abandono se reflejan ahora en estudios recientemente publicados. Estos dan cuenta de que a pesar de ligeros avances, a\u00fan seguimos ocupando \u00faltimos lugares en cuanto a la calidad y rendimiento escolar y uno de los pa\u00edses de mayores niveles de desigualdad.<\/span><\/span><\/p>\n<p align=\"justify\"><span style=\"color: #000000;\"><span style=\"font-family: Arial, serif;\">A ese prop\u00f3sito, el destaco educador Radham\u00e9s Mej\u00eda, en un art\u00edculo publicado en otro medio, refiere que, Pruebas Nacionales 2025 \u201crevela que la mayor\u00eda de los estudiantes promovidos apenas alcanza niveles b\u00e1sicos en las competencias fundamentales. En el sector p\u00fablico, solo un 43% en Espa\u00f1ol, 34% en Matem\u00e1tica, 36% en Ciencias Sociales y 42% en Ciencias Naturales lograron ubicarse en los niveles III y IV, considerados satisfactorios. En el sector privado los porcentajes son algo m\u00e1s altos, pero siguen siendo preocupantes: 60% en Espa\u00f1ol, 51% en<\/span><\/span> <span style=\"color: #000000;\"><span style=\"font-family: Arial, serif;\">Matem\u00e1tica, 54% en Ciencias Sociales y 60% en Ciencias Naturales\u201d. Logramos medir el rendimiento de nuestros escolares, pero no la cantidad de egresados de niveles superiores que emigran, ni tampoco sus costes econ\u00f3micos, personales y sociales.<\/span><\/span><\/p>\n<p align=\"justify\"><span style=\"color: #000000;\"><span style=\"font-family: Arial, serif;\">A esos n\u00fameros se agrega el hecho de que somos el segundo pa\u00eds de la regi\u00f3n, despu\u00e9s de Costa Rica, de mayor violencia contra la ni\u00f1ez; 35% la primera y 31% la segunda, seg\u00fan la encuesta Latinobar\u00f3metro. Unicef dice que es 6 de 10. Nadie nace violento, la violencia es aprendida, ense\u00f1ada, por lo que, en nuestro caso, podr\u00edamos concluir que para evitarla o limitarla a lo posible\/deseable, tenemos que erradicar las principales causas que la producen en casi todas las esferas y circunstancias en que discurre la cotidianidad de la poblaci\u00f3n. Esta propensi\u00f3n al uso de la violencia f\u00edsica o verbal agrava el pesimismo que se registra en algunas mediciones serias, relativas a la percepci\u00f3n de la poblaci\u00f3n sobre su futuro. Lo ven incierto y eso se refleja en el fen\u00f3meno de emigraci\u00f3n de muchos de nuestros mejores talentos, como se dijo anteriormente.<\/span><\/span><\/p>\n<p align=\"justify\"><span style=\"color: #000000;\"><span style=\"font-family: Arial, serif;\">Emigran, sobre todo los profesionales, porque sus necesidades reales ni sus expectativas suelen ser adecuadamente satisfechas con los ingresos devengados por sus trabajos. A pesar de eso, tenemos un sector empresarial que se empecina en eliminar el derecho a la cesant\u00eda del trabajador. Desde hace mucho el C\u00f3digo Penal y el Laboral se discut\u00edan casi simult\u00e1neamente en el Congreso, se aprob\u00f3 el primero, con sus taras, pero no el segundo. Nada casual. Insistir en el planteamiento de estas cuestiones no es difundir pesimismo, como pensar\u00eda un despistado cualquiera, sino la necesaria objetividad que se requiere para que el deseo\/determinaci\u00f3n de tener un mejor pa\u00eds sea viable. En eso descansa el optimismo de la voluntad. <\/span><\/span><\/p>\n<p align=\"justify\"><span style=\"color: #000000;\"><span style=\"font-family: Arial, serif;\">Vivimos en el contexto global de incertidumbre, pero nadie discute la certidumbre de que nada cambia por s\u00ed solo. Solo la acci\u00f3n consciente y permanente de quienes queremos un mundo mejor puede cambiar el curso de los acontecimientos. En ese tenor, la \u00fanica manera de salir de la presente situaci\u00f3n es tomar partido y rechazar la indiferencia y a los indiferentes, como dec\u00eda Gramsci. Mantener la lucha por un Estado cuyo eje central de su pol\u00edtica sea la potenciaci\u00f3n de la libertad, el respeto a la dignidad humana y la inclusi\u00f3n social. Hay indicadores inequ\u00edvocos de que este ser\u00e1 el escenario de las luchas pol\u00edticas en los pr\u00f3ximos a\u00f1os. <\/span><\/span><\/p>\n","protected":false},"excerpt":{"rendered":"<p>Por C\u00c9SAR P\u00c9REZ En el juicio a Antonio Gramsci, el juez dijo: \u201cdurante 20 a\u00f1os&hellip;<\/p>\n","protected":false},"author":2,"featured_media":63777,"comment_status":"closed","ping_status":"closed","sticky":false,"template":"","format":"standard","meta":{"footnotes":""},"categories":[71,55,51],"tags":[],"class_list":["post-74972","post","type-post","status-publish","format-standard","has-post-thumbnail","hentry","category-cesar-perez","category-nacionales","category-opinion"],"_links":{"self":[{"href":"https:\/\/eldiarioantillano.com\/uno\/wp-json\/wp\/v2\/posts\/74972","targetHints":{"allow":["GET"]}}],"collection":[{"href":"https:\/\/eldiarioantillano.com\/uno\/wp-json\/wp\/v2\/posts"}],"about":[{"href":"https:\/\/eldiarioantillano.com\/uno\/wp-json\/wp\/v2\/types\/post"}],"author":[{"embeddable":true,"href":"https:\/\/eldiarioantillano.com\/uno\/wp-json\/wp\/v2\/users\/2"}],"replies":[{"embeddable":true,"href":"https:\/\/eldiarioantillano.com\/uno\/wp-json\/wp\/v2\/comments?post=74972"}],"version-history":[{"count":1,"href":"https:\/\/eldiarioantillano.com\/uno\/wp-json\/wp\/v2\/posts\/74972\/revisions"}],"predecessor-version":[{"id":74973,"href":"https:\/\/eldiarioantillano.com\/uno\/wp-json\/wp\/v2\/posts\/74972\/revisions\/74973"}],"wp:featuredmedia":[{"embeddable":true,"href":"https:\/\/eldiarioantillano.com\/uno\/wp-json\/wp\/v2\/media\/63777"}],"wp:attachment":[{"href":"https:\/\/eldiarioantillano.com\/uno\/wp-json\/wp\/v2\/media?parent=74972"}],"wp:term":[{"taxonomy":"category","embeddable":true,"href":"https:\/\/eldiarioantillano.com\/uno\/wp-json\/wp\/v2\/categories?post=74972"},{"taxonomy":"post_tag","embeddable":true,"href":"https:\/\/eldiarioantillano.com\/uno\/wp-json\/wp\/v2\/tags?post=74972"}],"curies":[{"name":"wp","href":"https:\/\/api.w.org\/{rel}","templated":true}]}}