{"id":74970,"date":"2025-09-06T01:27:09","date_gmt":"2025-09-06T05:27:09","guid":{"rendered":"https:\/\/eldiarioantillano.com\/uno\/?p=74970"},"modified":"2025-09-06T01:27:09","modified_gmt":"2025-09-06T05:27:09","slug":"alcaldia-de-villa-elisa-invita-este-sabado-6-al-inicio-de-dos-obras","status":"publish","type":"post","link":"https:\/\/eldiarioantillano.com\/uno\/2025\/09\/06\/alcaldia-de-villa-elisa-invita-este-sabado-6-al-inicio-de-dos-obras\/","title":{"rendered":"Alcald\u00eda de Villa Elisa invita este s\u00e1bado 6 al inicio de dos obras"},"content":{"rendered":"<p>Se comenzar\u00e1 la construcci\u00f3n del parque del Papayo y del club de La Guajaca, el primer acto iniciar\u00e1 a las 4:00 pm y el otro a las 6:00 p. m., en el distrito municipal de la provincia de Montecristi.<\/p>\n<div class=\"yj6qo\"><\/div>\n<div class=\"adL\"><\/div>\n","protected":false},"excerpt":{"rendered":"<p>Se comenzar\u00e1 la construcci\u00f3n del parque del Papayo y del club de La Guajaca, el&hellip;<\/p>\n","protected":false},"author":2,"featured_media":74958,"comment_status":"closed","ping_status":"closed","sticky":false,"template":"","format":"standard","meta":{"footnotes":""},"categories":[57],"tags":[],"class_list":["post-74970","post","type-post","status-publish","format-standard","has-post-thumbnail","hentry","category-montecristi"],"_links":{"self":[{"href":"https:\/\/eldiarioantillano.com\/uno\/wp-json\/wp\/v2\/posts\/74970","targetHints":{"allow":["GET"]}}],"collection":[{"href":"https:\/\/eldiarioantillano.com\/uno\/wp-json\/wp\/v2\/posts"}],"about":[{"href":"https:\/\/eldiarioantillano.com\/uno\/wp-json\/wp\/v2\/types\/post"}],"author":[{"embeddable":true,"href":"https:\/\/eldiarioantillano.com\/uno\/wp-json\/wp\/v2\/users\/2"}],"replies":[{"embeddable":true,"href":"https:\/\/eldiarioantillano.com\/uno\/wp-json\/wp\/v2\/comments?post=74970"}],"version-history":[{"count":1,"href":"https:\/\/eldiarioantillano.com\/uno\/wp-json\/wp\/v2\/posts\/74970\/revisions"}],"predecessor-version":[{"id":74971,"href":"https:\/\/eldiarioantillano.com\/uno\/wp-json\/wp\/v2\/posts\/74970\/revisions\/74971"}],"wp:featuredmedia":[{"embeddable":true,"href":"https:\/\/eldiarioantillano.com\/uno\/wp-json\/wp\/v2\/media\/74958"}],"wp:attachment":[{"href":"https:\/\/eldiarioantillano.com\/uno\/wp-json\/wp\/v2\/media?parent=74970"}],"wp:term":[{"taxonomy":"category","embeddable":true,"href":"https:\/\/eldiarioantillano.com\/uno\/wp-json\/wp\/v2\/categories?post=74970"},{"taxonomy":"post_tag","embeddable":true,"href":"https:\/\/eldiarioantillano.com\/uno\/wp-json\/wp\/v2\/tags?post=74970"}],"curies":[{"name":"wp","href":"https:\/\/api.w.org\/{rel}","templated":true}]}}