{"id":74858,"date":"2025-08-30T00:53:23","date_gmt":"2025-08-30T04:53:23","guid":{"rendered":"https:\/\/eldiarioantillano.com\/uno\/?p=74858"},"modified":"2025-08-30T00:53:41","modified_gmt":"2025-08-30T04:53:41","slug":"rusia-y-china-valoran-sus-relaciones","status":"publish","type":"post","link":"https:\/\/eldiarioantillano.com\/uno\/2025\/08\/30\/rusia-y-china-valoran-sus-relaciones\/","title":{"rendered":"Rusia y China valoran sus relaciones"},"content":{"rendered":"<div class=\"elementor-element elementor-element-5a38e61 e-flex e-con-boxed e-con e-child\" data-id=\"5a38e61\" data-element_type=\"container\">\n<div class=\"e-con-inner\">\n<div class=\"elementor-element elementor-element-d2a4feb elementor-widget elementor-widget-theme-post-excerpt\" data-id=\"d2a4feb\" data-element_type=\"widget\" data-widget_type=\"theme-post-excerpt.default\">\n<div class=\"elementor-widget-container\">Mosc\u00fa, 29 ago (Prensa Latina) Las relaciones de asociaci\u00f3n estrat\u00e9gica privilegiada unen a Rusia y China, cuyo volumen es dif\u00edcil de cuantificar, declar\u00f3 hoy el portavoz del Kremlin, Dmitri Peskov.<\/div>\n<\/div>\n<\/div>\n<\/div>\n<div class=\"elementor-element elementor-element-f5ec5bf e-flex e-con-boxed e-con e-child\" data-id=\"f5ec5bf\" data-element_type=\"container\">\n<div class=\"e-con-inner\"><\/div>\n<\/div>\n<div class=\"elementor-element elementor-element-80c8584 elementor-mobile-align-left elementor-widget elementor-widget-post-info\" data-id=\"80c8584\" data-element_type=\"widget\" data-widget_type=\"post-info.default\">\n<div class=\"elementor-widget-container\">\n<p>Las declaraciones del alto cargo ruso a la prensa ocurren v\u00edsperas de la visita del presidente ruso, Vlad\u00edmir Putin, al gigante asi\u00e1tico.<\/p>\n<p>\u00abSi hablamos de nuestras relaciones con China, entonces se trata de relaciones de asociaci\u00f3n estrat\u00e9gica privilegiada especial, y las valoramos\u00bb, destac\u00f3 el vocero. \u00abEl volumen de estas relaciones es dif\u00edcil de sobreestimar\u00bb, agreg\u00f3.<\/p>\n<p>Peskov anunci\u00f3 que la visita de Putin a China estaba programada para el 31 de agosto. Primero, el mandatario ruso participar\u00e1 en la cumbre de la Organizaci\u00f3n de Cooperaci\u00f3n de Shangh\u00e1i (OCS) en la ciudad china de Tianj\u00edn y, luego, Beijing.<\/p>\n<p>En la capital china, Putin asistir\u00e1 a las celebraciones del 80 aniversario de la victoria del pueblo chino sobre el militarismo japon\u00e9s. Asimismo, se espera que el l\u00edder ruso mantenga una serie de reuniones bilaterales.<\/p>\n<p>mem\/gfa<\/p>\n<\/div>\n<\/div>\n","protected":false},"excerpt":{"rendered":"<p>Mosc\u00fa, 29 ago (Prensa Latina) Las relaciones de asociaci\u00f3n estrat\u00e9gica privilegiada unen a Rusia y&hellip;<\/p>\n","protected":false},"author":2,"featured_media":74860,"comment_status":"closed","ping_status":"closed","sticky":false,"template":"","format":"standard","meta":{"footnotes":""},"categories":[52,53],"tags":[],"class_list":["post-74858","post","type-post","status-publish","format-standard","has-post-thumbnail","hentry","category-internacionales","category-prensa-latina"],"_links":{"self":[{"href":"https:\/\/eldiarioantillano.com\/uno\/wp-json\/wp\/v2\/posts\/74858","targetHints":{"allow":["GET"]}}],"collection":[{"href":"https:\/\/eldiarioantillano.com\/uno\/wp-json\/wp\/v2\/posts"}],"about":[{"href":"https:\/\/eldiarioantillano.com\/uno\/wp-json\/wp\/v2\/types\/post"}],"author":[{"embeddable":true,"href":"https:\/\/eldiarioantillano.com\/uno\/wp-json\/wp\/v2\/users\/2"}],"replies":[{"embeddable":true,"href":"https:\/\/eldiarioantillano.com\/uno\/wp-json\/wp\/v2\/comments?post=74858"}],"version-history":[{"count":2,"href":"https:\/\/eldiarioantillano.com\/uno\/wp-json\/wp\/v2\/posts\/74858\/revisions"}],"predecessor-version":[{"id":74864,"href":"https:\/\/eldiarioantillano.com\/uno\/wp-json\/wp\/v2\/posts\/74858\/revisions\/74864"}],"wp:featuredmedia":[{"embeddable":true,"href":"https:\/\/eldiarioantillano.com\/uno\/wp-json\/wp\/v2\/media\/74860"}],"wp:attachment":[{"href":"https:\/\/eldiarioantillano.com\/uno\/wp-json\/wp\/v2\/media?parent=74858"}],"wp:term":[{"taxonomy":"category","embeddable":true,"href":"https:\/\/eldiarioantillano.com\/uno\/wp-json\/wp\/v2\/categories?post=74858"},{"taxonomy":"post_tag","embeddable":true,"href":"https:\/\/eldiarioantillano.com\/uno\/wp-json\/wp\/v2\/tags?post=74858"}],"curies":[{"name":"wp","href":"https:\/\/api.w.org\/{rel}","templated":true}]}}