{"id":74856,"date":"2025-08-29T02:17:30","date_gmt":"2025-08-29T06:17:30","guid":{"rendered":"https:\/\/eldiarioantillano.com\/uno\/?p=74856"},"modified":"2025-08-29T02:17:30","modified_gmt":"2025-08-29T06:17:30","slug":"califican-de-disfuncional-sistema-penitenciario-en-haiti","status":"publish","type":"post","link":"https:\/\/eldiarioantillano.com\/uno\/2025\/08\/29\/califican-de-disfuncional-sistema-penitenciario-en-haiti\/","title":{"rendered":"Califican de disfuncional sistema penitenciario en Hait\u00ed"},"content":{"rendered":"<p>Puerto Pr\u00edncipe, (Prensa Latina) La instituci\u00f3n denominada Fondasyon Je Klere (FJKL) calific\u00f3 de disfuncional 14 de las 24 prisiones de las 18 jurisdicciones penitenciarias del pa\u00eds caribe\u00f1o.<\/p>\n<p>Uno de los responsables de la entidad antes mencionada, Marie Yolene, precis\u00f3 que varios penales fueron arrasados por las pandillas y otros quedaron en desuso.<\/p>\n<p><span style=\"box-sizing: border-box; margin: 0px; padding: 0px;\">Yolene \u2014citada por el diario\u00a0<em>Le Nouvelliste\u2014<\/em> ejemplific\u00f3 la gravedad de la situaci\u00f3n a trav\u00e9s de las prisiones civiles de Croix-des-Bouquets, Mirebalais, Arcahaie y la penitenciar\u00eda nacional.<\/span><\/p>\n<p>Advirti\u00f3 que los espacios que no se construyeron para este prop\u00f3sito se est\u00e1n convirtiendo gradualmente en prisiones, y eso puede notarse en Puerto Pr\u00edncipe.<\/p>\n<p>Resulta llamativo \u2014en opini\u00f3n de Yolene\u2014 c\u00f3mo algunos reos est\u00e1n recluidos en zonas vip, y el oficial que vigila comparte el mismo espacio que el preso.<\/p>\n<p>Algunas prisiones, asumieron la responsabilidad de las que est\u00e1n cerradas, y terminaron saturadas.<\/p>\n<p>Es el caso del de Delmas, que se utiliz\u00f3 para encarcelar a ni\u00f1os menores de edad. Hoy en d\u00eda, sirve como alternativa a la prisi\u00f3n civil de Croix-des-Bouquets, la penitenciar\u00eda nacional y otras prisiones disfuncionales.<\/p>\n<p>El problema de las c\u00e1rceles perdidas gener\u00f3 el hacinamiento en las prisiones activas y la promiscuidad en las mismas.<\/p>\n<p>Un total de siete mil 178 personas ocupan espacios penitenciarios, incluidas 349 mujeres, 258 menores de edad, entre hembras y varones.<\/p>\n<p>De ellos, cinco mil 843 se encuentran en prisi\u00f3n preventiva prolongada, y solo mil 335 ya fueron condenados.<\/p>\n<p>Los detenidos viven en condiciones infrahumanas, y esto es alarmante en materia de derechos humanos.<\/p>\n<p>Precisa la fuente que los presos deben estar separados por cuatro metros y 50 cent\u00edmetros cuadrados en cada celda, de acuerdo con los principios de detenci\u00f3n establecidos por la Organizaci\u00f3n de las Naciones Unidas.<\/p>\n<p>Los presos en Hait\u00ed viven en tal promiscuidad que se organizan para dormir por turnos.<\/p>\n<p>De acuerdo con las regulaciones establecidas por la administraci\u00f3n penitenciaria, un oficial debe tener cuatro reclusos bajo su supervisi\u00f3n, mientras que la realidad en las prisiones muestra que tiene m\u00e1s de 10 reclusos a su cargo.<\/p>\n<p>Algunos presos se atribuyen el papel de agentes y tienen en sus manos las llaves de la prisi\u00f3n bajo su responsabilidad. Controlan la apertura y el cierre de las celdas como lo desean, coment\u00f3 Yolene.<\/p>\n<p>Actualmente, el sistema penitenciario cuenta con solo 700 oficiales disponibles para la poblaci\u00f3n carcelaria.<\/p>\n<p>Yolene advirti\u00f3 sobre la falta de profesionales de la salud en las c\u00e1rceles en un contexto donde la salud de varios presos se est\u00e1 deteriorando, causando su muerte en varias ocasiones.<\/p>\n<p>De hecho solo hay emplantillados tres m\u00e9dicos para las 18 jurisdicciones, y para las 14 prisiones operativas.<\/p>\n<p>En estos momentos, todos los galenos est\u00e1n en Puerto Pr\u00edncipe, y algunos centros cuentan con enfermeras.<\/p>\n<p>En lo que va de a\u00f1o, m\u00e1s de 60 personas en cautiverio murieron en las c\u00e1rceles, muchas veces debido a la falta de alimentos, lament\u00f3 Yolene.<\/p>\n<p>mem\/joe<\/p>\n","protected":false},"excerpt":{"rendered":"<p>Puerto Pr\u00edncipe, (Prensa Latina) La instituci\u00f3n denominada Fondasyon Je Klere (FJKL) calific\u00f3 de disfuncional 14&hellip;<\/p>\n","protected":false},"author":2,"featured_media":72534,"comment_status":"closed","ping_status":"closed","sticky":false,"template":"","format":"standard","meta":{"footnotes":""},"categories":[52,53],"tags":[],"class_list":["post-74856","post","type-post","status-publish","format-standard","has-post-thumbnail","hentry","category-internacionales","category-prensa-latina"],"_links":{"self":[{"href":"https:\/\/eldiarioantillano.com\/uno\/wp-json\/wp\/v2\/posts\/74856","targetHints":{"allow":["GET"]}}],"collection":[{"href":"https:\/\/eldiarioantillano.com\/uno\/wp-json\/wp\/v2\/posts"}],"about":[{"href":"https:\/\/eldiarioantillano.com\/uno\/wp-json\/wp\/v2\/types\/post"}],"author":[{"embeddable":true,"href":"https:\/\/eldiarioantillano.com\/uno\/wp-json\/wp\/v2\/users\/2"}],"replies":[{"embeddable":true,"href":"https:\/\/eldiarioantillano.com\/uno\/wp-json\/wp\/v2\/comments?post=74856"}],"version-history":[{"count":1,"href":"https:\/\/eldiarioantillano.com\/uno\/wp-json\/wp\/v2\/posts\/74856\/revisions"}],"predecessor-version":[{"id":74857,"href":"https:\/\/eldiarioantillano.com\/uno\/wp-json\/wp\/v2\/posts\/74856\/revisions\/74857"}],"wp:featuredmedia":[{"embeddable":true,"href":"https:\/\/eldiarioantillano.com\/uno\/wp-json\/wp\/v2\/media\/72534"}],"wp:attachment":[{"href":"https:\/\/eldiarioantillano.com\/uno\/wp-json\/wp\/v2\/media?parent=74856"}],"wp:term":[{"taxonomy":"category","embeddable":true,"href":"https:\/\/eldiarioantillano.com\/uno\/wp-json\/wp\/v2\/categories?post=74856"},{"taxonomy":"post_tag","embeddable":true,"href":"https:\/\/eldiarioantillano.com\/uno\/wp-json\/wp\/v2\/tags?post=74856"}],"curies":[{"name":"wp","href":"https:\/\/api.w.org\/{rel}","templated":true}]}}