{"id":74834,"date":"2025-08-27T20:38:32","date_gmt":"2025-08-28T00:38:32","guid":{"rendered":"https:\/\/eldiarioantillano.com\/uno\/?p=74834"},"modified":"2025-08-27T20:38:32","modified_gmt":"2025-08-28T00:38:32","slug":"fallece-ramon-carrasco-don-mino-comerciante-de-el-albinal-montecristi","status":"publish","type":"post","link":"https:\/\/eldiarioantillano.com\/uno\/2025\/08\/27\/fallece-ramon-carrasco-don-mino-comerciante-de-el-albinal-montecristi\/","title":{"rendered":"Fallece Ram\u00f3n Carrasco (Don Mino), comerciante de El Albinal, Montecristi"},"content":{"rendered":"<div id=\":ba\" class=\"ii gt\">\n<div id=\":bz\" class=\"a3s aiL \">\n<div dir=\"auto\">Don Mino desarroll\u00f3 por m\u00e1s de sesenta a\u00f1os un colmado en la calle Rodrigo de Triana.<\/div>\n<div class=\"yj6qo\"><\/div>\n<div class=\"adL\"><\/div>\n<\/div>\n<\/div>\n<div id=\":au\" class=\"hq gt\"><\/div>\n","protected":false},"excerpt":{"rendered":"<p>Don Mino desarroll\u00f3 por m\u00e1s de sesenta a\u00f1os un colmado en la calle Rodrigo de&hellip;<\/p>\n","protected":false},"author":2,"featured_media":74832,"comment_status":"closed","ping_status":"closed","sticky":false,"template":"","format":"standard","meta":{"footnotes":""},"categories":[57],"tags":[],"class_list":["post-74834","post","type-post","status-publish","format-standard","has-post-thumbnail","hentry","category-montecristi"],"_links":{"self":[{"href":"https:\/\/eldiarioantillano.com\/uno\/wp-json\/wp\/v2\/posts\/74834","targetHints":{"allow":["GET"]}}],"collection":[{"href":"https:\/\/eldiarioantillano.com\/uno\/wp-json\/wp\/v2\/posts"}],"about":[{"href":"https:\/\/eldiarioantillano.com\/uno\/wp-json\/wp\/v2\/types\/post"}],"author":[{"embeddable":true,"href":"https:\/\/eldiarioantillano.com\/uno\/wp-json\/wp\/v2\/users\/2"}],"replies":[{"embeddable":true,"href":"https:\/\/eldiarioantillano.com\/uno\/wp-json\/wp\/v2\/comments?post=74834"}],"version-history":[{"count":1,"href":"https:\/\/eldiarioantillano.com\/uno\/wp-json\/wp\/v2\/posts\/74834\/revisions"}],"predecessor-version":[{"id":74835,"href":"https:\/\/eldiarioantillano.com\/uno\/wp-json\/wp\/v2\/posts\/74834\/revisions\/74835"}],"wp:featuredmedia":[{"embeddable":true,"href":"https:\/\/eldiarioantillano.com\/uno\/wp-json\/wp\/v2\/media\/74832"}],"wp:attachment":[{"href":"https:\/\/eldiarioantillano.com\/uno\/wp-json\/wp\/v2\/media?parent=74834"}],"wp:term":[{"taxonomy":"category","embeddable":true,"href":"https:\/\/eldiarioantillano.com\/uno\/wp-json\/wp\/v2\/categories?post=74834"},{"taxonomy":"post_tag","embeddable":true,"href":"https:\/\/eldiarioantillano.com\/uno\/wp-json\/wp\/v2\/tags?post=74834"}],"curies":[{"name":"wp","href":"https:\/\/api.w.org\/{rel}","templated":true}]}}