{"id":74828,"date":"2025-08-27T20:37:15","date_gmt":"2025-08-28T00:37:15","guid":{"rendered":"https:\/\/eldiarioantillano.com\/uno\/?p=74828"},"modified":"2025-08-27T20:37:15","modified_gmt":"2025-08-28T00:37:15","slug":"llaman-en-puerto-rico-a-fortalecer-lazos-de-solidaridad-con-venezuela","status":"publish","type":"post","link":"https:\/\/eldiarioantillano.com\/uno\/2025\/08\/27\/llaman-en-puerto-rico-a-fortalecer-lazos-de-solidaridad-con-venezuela\/","title":{"rendered":"Llaman en Puerto Rico a fortalecer lazos de solidaridad con Venezuela"},"content":{"rendered":"<div class=\"elementor-element elementor-element-5a38e61 e-flex e-con-boxed e-con e-child\" data-id=\"5a38e61\" data-element_type=\"container\">\n<div class=\"e-con-inner\">\n<div class=\"elementor-element elementor-element-d2a4feb elementor-widget elementor-widget-theme-post-excerpt\" data-id=\"d2a4feb\" data-element_type=\"widget\" data-widget_type=\"theme-post-excerpt.default\">\n<div class=\"elementor-widget-container\">San Juan, 26 ago (Prensa Latina) Cuando se acrecienta la hostilidad de Estados Unidos contra Venezuela, es imperativo fortalecer los lazos de solidaridad con la naci\u00f3n bolivariana, ratific\u00f3 hoy el Movimiento Independentista Nacional Hostosiano (MINH) de Puerto Rico.<\/div>\n<\/div>\n<\/div>\n<\/div>\n<div class=\"elementor-element elementor-element-f5ec5bf e-flex e-con-boxed e-con e-child\" data-id=\"f5ec5bf\" data-element_type=\"container\">\n<div class=\"e-con-inner\"><\/div>\n<\/div>\n<div class=\"elementor-element elementor-element-80c8584 elementor-mobile-align-left elementor-widget elementor-widget-post-info\" data-id=\"80c8584\" data-element_type=\"widget\" data-widget_type=\"post-info.default\">\n<div class=\"elementor-widget-container\">\n<p>&nbsp;<\/p>\n<\/div>\n<\/div>\n<p>\u201cEl pueblo venezolano enfrenta en la actualidad una ofensiva pol\u00edtica, econ\u00f3mica y medi\u00e1tica impulsada por sectores externos que buscan socavar su soberan\u00eda, autodeterminaci\u00f3n y modelo pol\u00edtico\u201d, afirm\u00f3 el MINH.<\/p>\n<p>En una resoluci\u00f3n aprobada en su Sexta Asamblea Nacional, celebrada en la Universidad de Puerto Rico en Arecibo (norte), la organizaci\u00f3n boricua apunta que \u201clas sanciones unilaterales e ilegales impuestas por potencias extranjeras han causado graves perjuicios al desarrollo econ\u00f3mico, la estabilidad social y los derechos humanos del pueblo venezolano\u201d.<\/p>\n<p>El documento, copia del cual fue entregado a Prensa Latina en San Juan, condena en\u00e9rgicamente las sanciones unilaterales e ilegales impuestas contra Venezuela, por considerarlas una forma de agresi\u00f3n econ\u00f3mica que atenta contra los derechos fundamentales de su pueblo.<\/p>\n<p>Reivindic\u00f3 los v\u00ednculos de amistad, solidaridad y cooperaci\u00f3n que hist\u00f3ricamente ha sostenido el MINH con el pueblo y el gobierno de la Rep\u00fablica Bolivariana de Venezuela, como reflejan la participaci\u00f3n de puertorrique\u00f1os en las luchas lideradas por el Libertador Sim\u00f3n Bolivar en las que se destacaron el Mayor General Antonio Valero de Bernabe y Mar\u00eda de las Mercedes Barbudo.<\/p>\n<p>Valora, adem\u00e1s, el legado de los libertadores Sim\u00f3n Bol\u00edvar y Eugenio Mar\u00eda de Hostos, quienes so\u00f1aron con una Am\u00e9rica Latina unida, libre y soberana.<\/p>\n<p>\u201cEl derecho internacional y la Carta de las Naciones Unidas establecen el respeto a la soberan\u00eda de los pueblos, la no injerencia en los asuntos internos de los estados y el derecho de cada naci\u00f3n a elegir su propio camino pol\u00edtico, econ\u00f3mico y social\u201d, refiri\u00f3 la agrupaci\u00f3n de izquierda puertorrique\u00f1a.<\/p>\n<p>Igualmente hizo un llamado a la comunidad internacional y a los pueblos del mundo a rechazar la injerencia extranjera en los asuntos internos de Venezuela y a apoyar los esfuerzos de di\u00e1logo, entendimiento y cooperaci\u00f3n solidaria en<\/p>\n<p>la regi\u00f3n, a la vez que reafirm\u00f3 su compromiso con la construcci\u00f3n de una Patria Grande latinoamericana y caribe\u00f1a, en la que todos los pueblos puedan vivir con dignidad, autodeterminaci\u00f3n y justicia.<\/p>\n<p>El Movimiento Independentista Nacional Hostosiano ratific\u00f3 su disposici\u00f3n a continuar \u201cfortaleciendo los lazos hist\u00f3ricos de hermandad y cooperaci\u00f3n entre Puerto Rico y Venezuela, en el marco de la lucha com\u00fan por la descolonizaci\u00f3n y la unidad de nuestros pueblos\u201d.<\/p>\n","protected":false},"excerpt":{"rendered":"<p>San Juan, 26 ago (Prensa Latina) Cuando se acrecienta la hostilidad de Estados Unidos contra&hellip;<\/p>\n","protected":false},"author":2,"featured_media":74830,"comment_status":"closed","ping_status":"closed","sticky":false,"template":"","format":"standard","meta":{"footnotes":""},"categories":[52,53],"tags":[],"class_list":["post-74828","post","type-post","status-publish","format-standard","has-post-thumbnail","hentry","category-internacionales","category-prensa-latina"],"_links":{"self":[{"href":"https:\/\/eldiarioantillano.com\/uno\/wp-json\/wp\/v2\/posts\/74828","targetHints":{"allow":["GET"]}}],"collection":[{"href":"https:\/\/eldiarioantillano.com\/uno\/wp-json\/wp\/v2\/posts"}],"about":[{"href":"https:\/\/eldiarioantillano.com\/uno\/wp-json\/wp\/v2\/types\/post"}],"author":[{"embeddable":true,"href":"https:\/\/eldiarioantillano.com\/uno\/wp-json\/wp\/v2\/users\/2"}],"replies":[{"embeddable":true,"href":"https:\/\/eldiarioantillano.com\/uno\/wp-json\/wp\/v2\/comments?post=74828"}],"version-history":[{"count":1,"href":"https:\/\/eldiarioantillano.com\/uno\/wp-json\/wp\/v2\/posts\/74828\/revisions"}],"predecessor-version":[{"id":74833,"href":"https:\/\/eldiarioantillano.com\/uno\/wp-json\/wp\/v2\/posts\/74828\/revisions\/74833"}],"wp:featuredmedia":[{"embeddable":true,"href":"https:\/\/eldiarioantillano.com\/uno\/wp-json\/wp\/v2\/media\/74830"}],"wp:attachment":[{"href":"https:\/\/eldiarioantillano.com\/uno\/wp-json\/wp\/v2\/media?parent=74828"}],"wp:term":[{"taxonomy":"category","embeddable":true,"href":"https:\/\/eldiarioantillano.com\/uno\/wp-json\/wp\/v2\/categories?post=74828"},{"taxonomy":"post_tag","embeddable":true,"href":"https:\/\/eldiarioantillano.com\/uno\/wp-json\/wp\/v2\/tags?post=74828"}],"curies":[{"name":"wp","href":"https:\/\/api.w.org\/{rel}","templated":true}]}}