{"id":74826,"date":"2025-08-27T20:32:42","date_gmt":"2025-08-28T00:32:42","guid":{"rendered":"https:\/\/eldiarioantillano.com\/uno\/?p=74826"},"modified":"2025-08-27T20:32:42","modified_gmt":"2025-08-28T00:32:42","slug":"policia-haitiana-celebra-importante-victoria-sobre-pandilleros","status":"publish","type":"post","link":"https:\/\/eldiarioantillano.com\/uno\/2025\/08\/27\/policia-haitiana-celebra-importante-victoria-sobre-pandilleros\/","title":{"rendered":"Polic\u00eda haitiana celebra importante victoria sobre pandilleros"},"content":{"rendered":"<div class=\"elementor-element elementor-element-5a38e61 e-flex e-con-boxed e-con e-child\" data-id=\"5a38e61\" data-element_type=\"container\">\n<div class=\"e-con-inner\">\n<div class=\"elementor-element elementor-element-d2a4feb elementor-widget elementor-widget-theme-post-excerpt\" data-id=\"d2a4feb\" data-element_type=\"widget\" data-widget_type=\"theme-post-excerpt.default\">\n<div class=\"elementor-widget-container\">Puerto Pr\u00edncipe, 26 ago (Prensa Latina) La Polic\u00eda Nacional de Hait\u00ed (PNH) y la Misi\u00f3n Multinacional de Apoyo a la Seguridad celebran hoy una importante victoria sobre los pandilleros que aterrorizan la comuna de Kenscoff.<\/div>\n<\/div>\n<\/div>\n<\/div>\n<div class=\"e-con-inner\">\n<p>En una operaci\u00f3n conjunta en las \u00faltimas horas, las fuerzas del orden mataron a varios miembros de la pandilla Izo 2 que controlaba una instalaci\u00f3n donde estaban ubicados equipos valiosos para la navegaci\u00f3n a\u00e9rea.<\/p>\n<p>Los agentes de la PNH y los militares extranjeros recuperaron el espacio de manos de los bandidos, a quienes se les ocup\u00f3 un arsenal de armas y municiones.<\/p>\n<p>Esas fuerzas reportaron que desbloquearon varias carreteras que conducen a Teleco y Kenscoff restableciendo as\u00ed el tr\u00e1fico, precis\u00f3 el diario digital Le Facteur Haiti.<\/p>\n<p>Con anterioridad, la Direcci\u00f3n General de la Oficina Nacional de Aviaci\u00f3n Civil (Ofnac) alert\u00f3 sobre posibles sabotajes de los pandilleros en una estaci\u00f3n donde est\u00e1n ubicados equipos de comunicaci\u00f3n del sector.<\/p>\n<p>En un comunicado de la Ofnac, no solo advirti\u00f3 acerca de las acciones de los bandidos, sino que se adelant\u00f3 a condenar cualquier atentado contra esas instalaciones ubicadas en el sitio de las antenas de telecomunicaciones de la antigua Teleco en Kenscoff.<\/p>\n<p>mem\/joe<\/p>\n<\/div>\n","protected":false},"excerpt":{"rendered":"<p>Puerto Pr\u00edncipe, 26 ago (Prensa Latina) La Polic\u00eda Nacional de Hait\u00ed (PNH) y la Misi\u00f3n&hellip;<\/p>\n","protected":false},"author":2,"featured_media":71596,"comment_status":"closed","ping_status":"closed","sticky":false,"template":"","format":"standard","meta":{"footnotes":""},"categories":[52,53],"tags":[],"class_list":["post-74826","post","type-post","status-publish","format-standard","has-post-thumbnail","hentry","category-internacionales","category-prensa-latina"],"_links":{"self":[{"href":"https:\/\/eldiarioantillano.com\/uno\/wp-json\/wp\/v2\/posts\/74826","targetHints":{"allow":["GET"]}}],"collection":[{"href":"https:\/\/eldiarioantillano.com\/uno\/wp-json\/wp\/v2\/posts"}],"about":[{"href":"https:\/\/eldiarioantillano.com\/uno\/wp-json\/wp\/v2\/types\/post"}],"author":[{"embeddable":true,"href":"https:\/\/eldiarioantillano.com\/uno\/wp-json\/wp\/v2\/users\/2"}],"replies":[{"embeddable":true,"href":"https:\/\/eldiarioantillano.com\/uno\/wp-json\/wp\/v2\/comments?post=74826"}],"version-history":[{"count":1,"href":"https:\/\/eldiarioantillano.com\/uno\/wp-json\/wp\/v2\/posts\/74826\/revisions"}],"predecessor-version":[{"id":74827,"href":"https:\/\/eldiarioantillano.com\/uno\/wp-json\/wp\/v2\/posts\/74826\/revisions\/74827"}],"wp:featuredmedia":[{"embeddable":true,"href":"https:\/\/eldiarioantillano.com\/uno\/wp-json\/wp\/v2\/media\/71596"}],"wp:attachment":[{"href":"https:\/\/eldiarioantillano.com\/uno\/wp-json\/wp\/v2\/media?parent=74826"}],"wp:term":[{"taxonomy":"category","embeddable":true,"href":"https:\/\/eldiarioantillano.com\/uno\/wp-json\/wp\/v2\/categories?post=74826"},{"taxonomy":"post_tag","embeddable":true,"href":"https:\/\/eldiarioantillano.com\/uno\/wp-json\/wp\/v2\/tags?post=74826"}],"curies":[{"name":"wp","href":"https:\/\/api.w.org\/{rel}","templated":true}]}}