{"id":74824,"date":"2025-08-27T00:52:51","date_gmt":"2025-08-27T04:52:51","guid":{"rendered":"https:\/\/eldiarioantillano.com\/uno\/?p=74824"},"modified":"2025-08-27T00:53:04","modified_gmt":"2025-08-27T04:53:04","slug":"codicia-de-los-potentados","status":"publish","type":"post","link":"https:\/\/eldiarioantillano.com\/uno\/2025\/08\/27\/codicia-de-los-potentados\/","title":{"rendered":"Codicia de los potentados"},"content":{"rendered":"<header class=\"entry-header-outer\">\n<div class=\"entry-header\">\n<div id=\"single-post-meta\" class=\"post-meta clearfix\">Por ANULFO MATEO P\u00c9REZ<\/div>\n<\/div>\n<\/header>\n<div class=\"entry-content entry clearfix\">\n<p>1 de 4<\/p>\n<p>La codicia, uno de los siete pecados capitales en la tradici\u00f3n cristiana, es el deseo desmedido de poseer bienes materiales o riquezas, m\u00e1s all\u00e1 de lo necesario para vivir. Es un impulso que lleva al sujeto a acumular sin l\u00edmites, subordinando los valores \u00e9ticos y humanos al af\u00e1n de tener y retener.<\/p>\n<p>Desde la moral cristiana medieval, era vista como ra\u00edz de la injusticia, fraude y explotaci\u00f3n; cuando es llevada a lo social y pol\u00edtico, la codicia deja de ser solo un vicio personal, para convertirse en condici\u00f3n de clase.<\/p>\n<p>En las sociedades estratificadas, la clase dominante reproduce su poder y privilegios a partir de la acumulaci\u00f3n de riqueza, lo que la lleva a practicar una codicia estructural. No se trata solo de un \u201cpecado individual\u201d.<\/p>\n<p>En realidad, se convierte en un mecanismo colectivo que legitima el despojo a los trabajadores, la apropiaci\u00f3n de lo com\u00fan y la concentraci\u00f3n de capital; la acumulaci\u00f3n sin l\u00edmites se presenta como virtud empresarial o \u00e9xito personal.<\/p>\n<p>Por ejemplo, en el capitalismo contempor\u00e1neo, la codicia es casi un mandato cultural, mientras sus consecuencias \u2014desigualdad, pobreza, exclusi\u00f3n\u2014 se normalizan. Esa codicia de clase se reviste de manipulaci\u00f3n.<\/p>\n<p>La clase dominante crea la cultura expresada en discursos de \u201cprogreso\u201d o \u201cemprendimiento\u201d, ocultando el hecho de que el crecimiento de unos pocos descansa en la precariedad y penurias de muchos explotados.<\/p>\n<p>En resumen, seg\u00fan la tradici\u00f3n cristiana, la codicia es descrita como pecado, porque esta \u201ccorroe el alma individual, destruye la solidaridad y encierra al sujeto en la obsesi\u00f3n por poseer riquezas y objetos materiales\u201d.<\/p>\n<p>Como condici\u00f3n de clase, se convierte en motor de explotaci\u00f3n y dominaci\u00f3n, estructurando las desigualdades sociales y reproduciendo un orden econ\u00f3mico basado en la concentraci\u00f3n de poder y riqueza.<\/p>\n<\/div>\n","protected":false},"excerpt":{"rendered":"<p>Por ANULFO MATEO P\u00c9REZ 1 de 4 La codicia, uno de los siete pecados capitales&hellip;<\/p>\n","protected":false},"author":2,"featured_media":64779,"comment_status":"closed","ping_status":"closed","sticky":false,"template":"","format":"standard","meta":{"footnotes":""},"categories":[54,55,51],"tags":[],"class_list":["post-74824","post","type-post","status-publish","format-standard","has-post-thumbnail","hentry","category-anulfo-mateo","category-nacionales","category-opinion"],"_links":{"self":[{"href":"https:\/\/eldiarioantillano.com\/uno\/wp-json\/wp\/v2\/posts\/74824","targetHints":{"allow":["GET"]}}],"collection":[{"href":"https:\/\/eldiarioantillano.com\/uno\/wp-json\/wp\/v2\/posts"}],"about":[{"href":"https:\/\/eldiarioantillano.com\/uno\/wp-json\/wp\/v2\/types\/post"}],"author":[{"embeddable":true,"href":"https:\/\/eldiarioantillano.com\/uno\/wp-json\/wp\/v2\/users\/2"}],"replies":[{"embeddable":true,"href":"https:\/\/eldiarioantillano.com\/uno\/wp-json\/wp\/v2\/comments?post=74824"}],"version-history":[{"count":1,"href":"https:\/\/eldiarioantillano.com\/uno\/wp-json\/wp\/v2\/posts\/74824\/revisions"}],"predecessor-version":[{"id":74825,"href":"https:\/\/eldiarioantillano.com\/uno\/wp-json\/wp\/v2\/posts\/74824\/revisions\/74825"}],"wp:featuredmedia":[{"embeddable":true,"href":"https:\/\/eldiarioantillano.com\/uno\/wp-json\/wp\/v2\/media\/64779"}],"wp:attachment":[{"href":"https:\/\/eldiarioantillano.com\/uno\/wp-json\/wp\/v2\/media?parent=74824"}],"wp:term":[{"taxonomy":"category","embeddable":true,"href":"https:\/\/eldiarioantillano.com\/uno\/wp-json\/wp\/v2\/categories?post=74824"},{"taxonomy":"post_tag","embeddable":true,"href":"https:\/\/eldiarioantillano.com\/uno\/wp-json\/wp\/v2\/tags?post=74824"}],"curies":[{"name":"wp","href":"https:\/\/api.w.org\/{rel}","templated":true}]}}